{"id":190852,"date":"2022-01-02T16:01:25","date_gmt":"2022-01-02T14:01:25","guid":{"rendered":"https:\/\/www.cicloturismo.it\/?p=190852"},"modified":"2022-01-02T16:01:25","modified_gmt":"2022-01-02T14:01:25","slug":"nuova-ciclabile-nella-citta-di-gallipoli","status":"publish","type":"post","link":"https:\/\/demo.cicloturismo.it\/?p=190852","title":{"rendered":"Nuova ciclabile nella citt\u00e0 di Gallipoli ."},"content":{"rendered":"<p><img decoding=\"async\" src=\"data:image\/svg+xml,%3Csvg%20xmlns%3D%27http%3A%2F%2Fwww.w3.org%2F2000%2Fsvg%27%20width%3D%27300%27%20height%3D%27200%27%20viewBox%3D%270%200%20300%20200%27%3E%3Crect%20width%3D%27300%27%20height%3D%27200%27%20fill-opacity%3D%220%22%2F%3E%3C%2Fsvg%3E\" data-orig-src=\"https:\/\/demo.cicloturismo.it\/wp-content\/uploads\/2022\/01\/castle-g9300c4def_1280-300x200.jpg\" alt=\"\" width=\"300\" height=\"200\" class=\"lazyload alignnone size-medium wp-image-190853\" \/><\/p>\n<p>La citt\u00e0 di Gallipoli sar\u00e0 uno dei comuni pugliesi a beneficiare dei fondi europei del  Piano Nazionale di Ripresa e Resilienza (PNRR) con tre progetti che cambieranno la citt\u00e0, tra cui quello della nuova  ciclabile urbana. Il progetto della nuova ciclabile \u00e8 stata finanziata con un  1.100.000,00 di euro ,collegher\u00e0 il centro citt\u00e0  con Lido Conchiglie. Il sindaco della citt\u00e0 pugliese, dichiara&#8221;Abbiamo svolto un lavoro sinergico per mesi, abbiamo raccolto le istanze dei cittadini e siamo intervenuti sul progetto della ciclabile   che Gallipoli chiedeva a gran voce da molti anni &#8220;.<\/p>\n","protected":false},"excerpt":{"rendered":"<p>La citt\u00e0 di Gallipoli sar\u00e0 uno dei comuni pugliesi a  [&#8230;]<\/p>\n","protected":false},"author":1,"featured_media":190853,"comment_status":"open","ping_status":"open","sticky":false,"template":"","format":"standard","meta":{"footnotes":""},"categories":[8],"tags":[],"class_list":["post-190852","post","type-post","status-publish","format-standard","has-post-thumbnail","hentry","category-news"],"_links":{"self":[{"href":"https:\/\/demo.cicloturismo.it\/index.php?rest_route=\/wp\/v2\/posts\/190852","targetHints":{"allow":["GET"]}}],"collection":[{"href":"https:\/\/demo.cicloturismo.it\/index.php?rest_route=\/wp\/v2\/posts"}],"about":[{"href":"https:\/\/demo.cicloturismo.it\/index.php?rest_route=\/wp\/v2\/types\/post"}],"author":[{"embeddable":true,"href":"https:\/\/demo.cicloturismo.it\/index.php?rest_route=\/wp\/v2\/users\/1"}],"replies":[{"embeddable":true,"href":"https:\/\/demo.cicloturismo.it\/index.php?rest_route=%2Fwp%2Fv2%2Fcomments&post=190852"}],"version-history":[{"count":0,"href":"https:\/\/demo.cicloturismo.it\/index.php?rest_route=\/wp\/v2\/posts\/190852\/revisions"}],"wp:featuredmedia":[{"embeddable":true,"href":"https:\/\/demo.cicloturismo.it\/index.php?rest_route=\/"}],"wp:attachment":[{"href":"https:\/\/demo.cicloturismo.it\/index.php?rest_route=%2Fwp%2Fv2%2Fmedia&parent=190852"}],"wp:term":[{"taxonomy":"category","embeddable":true,"href":"https:\/\/demo.cicloturismo.it\/index.php?rest_route=%2Fwp%2Fv2%2Fcategories&post=190852"},{"taxonomy":"post_tag","embeddable":true,"href":"https:\/\/demo.cicloturismo.it\/index.php?rest_route=%2Fwp%2Fv2%2Ftags&post=190852"}],"curies":[{"name":"wp","href":"https:\/\/api.w.org\/{rel}","templated":true}]}}