{"id":190869,"date":"2022-01-03T16:13:36","date_gmt":"2022-01-03T14:13:36","guid":{"rendered":"https:\/\/www.cicloturismo.it\/?p=190869"},"modified":"2022-01-03T16:13:36","modified_gmt":"2022-01-03T14:13:36","slug":"gruppo-di-ciclisti-impantanati-nel-fango-interviene-la-protezione-civile-per-salvarli","status":"publish","type":"post","link":"https:\/\/demo.cicloturismo.it\/?p=190869","title":{"rendered":"Gruppo di ciclisti  impantanati nel fango: interviene la Protezione civile per salvarli ."},"content":{"rendered":"<p><img decoding=\"async\" src=\"data:image\/svg+xml,%3Csvg%20xmlns%3D%27http%3A%2F%2Fwww.w3.org%2F2000%2Fsvg%27%20width%3D%27300%27%20height%3D%27173%27%20viewBox%3D%270%200%20300%20173%27%3E%3Crect%20width%3D%27300%27%20height%3D%27173%27%20fill-opacity%3D%220%22%2F%3E%3C%2Fsvg%3E\" data-orig-src=\"https:\/\/demo.cicloturismo.it\/wp-content\/uploads\/2022\/01\/running-g96ad8d333_1280-300x173.jpg\" alt=\"\" width=\"300\" height=\"173\" class=\"lazyload alignnone size-medium wp-image-190870\" \/><br \/>\nIeri pomeriggio un gruppo di venti ciclista in mountain bike sono stati soccorsi dal  Nucleo Protezione Civile della Misericordia di Manciano dopo essere rimasti impantanati  nel fango ,in un sentiero della zona .Il gruppo di ciclisti stava percorrendo un sentiero della zona   con delle mountain bike elettriche quando   improvvisamente si \u00e8  ritrovato impantanato in una grande fangaia, cos\u00ec enorme da non poter pi\u00f9 uscire . Dopo pochi minuti la squadra di soccorso \u00e8 giunta sul posto per recuperare i ciclisti e tirare fuori le bici dal fango .<\/p>\n","protected":false},"excerpt":{"rendered":"<p>Ieri pomeriggio un gruppo di venti ciclista in mountain bike  [&#8230;]<\/p>\n","protected":false},"author":1,"featured_media":190870,"comment_status":"open","ping_status":"open","sticky":false,"template":"","format":"standard","meta":{"footnotes":""},"categories":[8],"tags":[],"class_list":["post-190869","post","type-post","status-publish","format-standard","has-post-thumbnail","hentry","category-news"],"_links":{"self":[{"href":"https:\/\/demo.cicloturismo.it\/index.php?rest_route=\/wp\/v2\/posts\/190869","targetHints":{"allow":["GET"]}}],"collection":[{"href":"https:\/\/demo.cicloturismo.it\/index.php?rest_route=\/wp\/v2\/posts"}],"about":[{"href":"https:\/\/demo.cicloturismo.it\/index.php?rest_route=\/wp\/v2\/types\/post"}],"author":[{"embeddable":true,"href":"https:\/\/demo.cicloturismo.it\/index.php?rest_route=\/wp\/v2\/users\/1"}],"replies":[{"embeddable":true,"href":"https:\/\/demo.cicloturismo.it\/index.php?rest_route=%2Fwp%2Fv2%2Fcomments&post=190869"}],"version-history":[{"count":0,"href":"https:\/\/demo.cicloturismo.it\/index.php?rest_route=\/wp\/v2\/posts\/190869\/revisions"}],"wp:featuredmedia":[{"embeddable":true,"href":"https:\/\/demo.cicloturismo.it\/index.php?rest_route=\/"}],"wp:attachment":[{"href":"https:\/\/demo.cicloturismo.it\/index.php?rest_route=%2Fwp%2Fv2%2Fmedia&parent=190869"}],"wp:term":[{"taxonomy":"category","embeddable":true,"href":"https:\/\/demo.cicloturismo.it\/index.php?rest_route=%2Fwp%2Fv2%2Fcategories&post=190869"},{"taxonomy":"post_tag","embeddable":true,"href":"https:\/\/demo.cicloturismo.it\/index.php?rest_route=%2Fwp%2Fv2%2Ftags&post=190869"}],"curies":[{"name":"wp","href":"https:\/\/api.w.org\/{rel}","templated":true}]}}