{"id":190884,"date":"2022-01-04T15:57:42","date_gmt":"2022-01-04T13:57:42","guid":{"rendered":"https:\/\/www.cicloturismo.it\/?p=190884"},"modified":"2022-01-04T15:57:42","modified_gmt":"2022-01-04T13:57:42","slug":"nuova-ciclabile-nella-citta-di-albenga","status":"publish","type":"post","link":"https:\/\/demo.cicloturismo.it\/?p=190884","title":{"rendered":"Nuova ciclabile nella citt\u00e0 di Albenga."},"content":{"rendered":"<p><img decoding=\"async\" src=\"data:image\/svg+xml,%3Csvg%20xmlns%3D%27http%3A%2F%2Fwww.w3.org%2F2000%2Fsvg%27%20width%3D%27300%27%20height%3D%27200%27%20viewBox%3D%270%200%20300%20200%27%3E%3Crect%20width%3D%27300%27%20height%3D%27200%27%20fill-opacity%3D%220%22%2F%3E%3C%2Fsvg%3E\" data-orig-src=\"https:\/\/demo.cicloturismo.it\/wp-content\/uploads\/2022\/01\/shared-bike-g784f20fe3_1280-300x200.jpg\" alt=\"\" width=\"300\" height=\"200\" class=\"lazyload alignnone size-medium wp-image-190887\" \/><br \/>\nIl comune ligure di Albenga ha ottenuto ben 600 mila euro di finanziamento attraverso i fondi del PNRR per realizzare una nuova ciclabile cittadina . La nuova ciclabile collegher\u00e0 il centro citt\u00e0 con le frazioni di Leca e Bastia. Il sindaco della citt\u00e0 liguria ha dichiarato dopo questa bella notizia , che &#8220;Albenga \u00e8 il primo comune, oltre al capoluogo di provincia, a ricevere i fondi del PNRR, questo grazie alla sinergia tra Amministrazione e uffici che ha permesso di lavorare in maniera programmatica al fine di ottenere questo risultato.La pista ciclabile \u00e8 uno degli interventi che l\u2019Amministrazione comunale aveva messo nel suo programma elettorale e che riuscir\u00e0 a realizzare grazie a questi fondi europei &#8220;. <\/p>\n","protected":false},"excerpt":{"rendered":"<p>Il comune ligure di Albenga ha ottenuto ben 600 mila  [&#8230;]<\/p>\n","protected":false},"author":1,"featured_media":190887,"comment_status":"open","ping_status":"open","sticky":false,"template":"","format":"standard","meta":{"footnotes":""},"categories":[8],"tags":[],"class_list":["post-190884","post","type-post","status-publish","format-standard","has-post-thumbnail","hentry","category-news"],"_links":{"self":[{"href":"https:\/\/demo.cicloturismo.it\/index.php?rest_route=\/wp\/v2\/posts\/190884","targetHints":{"allow":["GET"]}}],"collection":[{"href":"https:\/\/demo.cicloturismo.it\/index.php?rest_route=\/wp\/v2\/posts"}],"about":[{"href":"https:\/\/demo.cicloturismo.it\/index.php?rest_route=\/wp\/v2\/types\/post"}],"author":[{"embeddable":true,"href":"https:\/\/demo.cicloturismo.it\/index.php?rest_route=\/wp\/v2\/users\/1"}],"replies":[{"embeddable":true,"href":"https:\/\/demo.cicloturismo.it\/index.php?rest_route=%2Fwp%2Fv2%2Fcomments&post=190884"}],"version-history":[{"count":0,"href":"https:\/\/demo.cicloturismo.it\/index.php?rest_route=\/wp\/v2\/posts\/190884\/revisions"}],"wp:featuredmedia":[{"embeddable":true,"href":"https:\/\/demo.cicloturismo.it\/index.php?rest_route=\/"}],"wp:attachment":[{"href":"https:\/\/demo.cicloturismo.it\/index.php?rest_route=%2Fwp%2Fv2%2Fmedia&parent=190884"}],"wp:term":[{"taxonomy":"category","embeddable":true,"href":"https:\/\/demo.cicloturismo.it\/index.php?rest_route=%2Fwp%2Fv2%2Fcategories&post=190884"},{"taxonomy":"post_tag","embeddable":true,"href":"https:\/\/demo.cicloturismo.it\/index.php?rest_route=%2Fwp%2Fv2%2Ftags&post=190884"}],"curies":[{"name":"wp","href":"https:\/\/api.w.org\/{rel}","templated":true}]}}