{"id":190931,"date":"2022-01-06T16:22:59","date_gmt":"2022-01-06T14:22:59","guid":{"rendered":"https:\/\/www.cicloturismo.it\/?p=190931"},"modified":"2022-01-06T16:22:59","modified_gmt":"2022-01-06T14:22:59","slug":"malore-improvviso-in-bicicletta-muore-a-59-anni","status":"publish","type":"post","link":"https:\/\/demo.cicloturismo.it\/?p=190931","title":{"rendered":"Malore improvviso in bicicletta, muore a 59 anni ."},"content":{"rendered":"<p><img decoding=\"async\" src=\"data:image\/svg+xml,%3Csvg%20xmlns%3D%27http%3A%2F%2Fwww.w3.org%2F2000%2Fsvg%27%20width%3D%27300%27%20height%3D%27200%27%20viewBox%3D%270%200%20300%20200%27%3E%3Crect%20width%3D%27300%27%20height%3D%27200%27%20fill-opacity%3D%220%22%2F%3E%3C%2Fsvg%3E\" data-orig-src=\"https:\/\/demo.cicloturismo.it\/wp-content\/uploads\/2022\/01\/cycling-gd15658cbe_1280-300x200.jpg\" alt=\"\" width=\"300\" height=\"200\" class=\"lazyload alignnone size-medium wp-image-190933\" \/><br \/>\nTerribile tragedia sulle strade di Grantola, dove \u00e8 deceduto un ciclista  di 59 anni colto da un   malore improvviso . Il ciclista \u00e8 stato  notato da  alcuni passanti mentre, in sella alla sua bicicletta, all&#8217;improvviso ha  sbandato e poi si \u00e8 accasciato a terra.Il ciclista \u00e8 stato subito soccorso dal personale della croce rossa ,  ma purtroppo non ce l&#8217;ha fatta .<\/p>\n","protected":false},"excerpt":{"rendered":"<p>Terribile tragedia sulle strade di Grantola, dove \u00e8 deceduto un  [&#8230;]<\/p>\n","protected":false},"author":1,"featured_media":190933,"comment_status":"open","ping_status":"open","sticky":false,"template":"","format":"standard","meta":{"footnotes":""},"categories":[8],"tags":[],"class_list":["post-190931","post","type-post","status-publish","format-standard","has-post-thumbnail","hentry","category-news"],"_links":{"self":[{"href":"https:\/\/demo.cicloturismo.it\/index.php?rest_route=\/wp\/v2\/posts\/190931","targetHints":{"allow":["GET"]}}],"collection":[{"href":"https:\/\/demo.cicloturismo.it\/index.php?rest_route=\/wp\/v2\/posts"}],"about":[{"href":"https:\/\/demo.cicloturismo.it\/index.php?rest_route=\/wp\/v2\/types\/post"}],"author":[{"embeddable":true,"href":"https:\/\/demo.cicloturismo.it\/index.php?rest_route=\/wp\/v2\/users\/1"}],"replies":[{"embeddable":true,"href":"https:\/\/demo.cicloturismo.it\/index.php?rest_route=%2Fwp%2Fv2%2Fcomments&post=190931"}],"version-history":[{"count":0,"href":"https:\/\/demo.cicloturismo.it\/index.php?rest_route=\/wp\/v2\/posts\/190931\/revisions"}],"wp:featuredmedia":[{"embeddable":true,"href":"https:\/\/demo.cicloturismo.it\/index.php?rest_route=\/"}],"wp:attachment":[{"href":"https:\/\/demo.cicloturismo.it\/index.php?rest_route=%2Fwp%2Fv2%2Fmedia&parent=190931"}],"wp:term":[{"taxonomy":"category","embeddable":true,"href":"https:\/\/demo.cicloturismo.it\/index.php?rest_route=%2Fwp%2Fv2%2Fcategories&post=190931"},{"taxonomy":"post_tag","embeddable":true,"href":"https:\/\/demo.cicloturismo.it\/index.php?rest_route=%2Fwp%2Fv2%2Ftags&post=190931"}],"curies":[{"name":"wp","href":"https:\/\/api.w.org\/{rel}","templated":true}]}}