{"id":190982,"date":"2022-01-09T16:11:33","date_gmt":"2022-01-09T14:11:33","guid":{"rendered":"https:\/\/www.cicloturismo.it\/?p=190982"},"modified":"2022-01-09T16:11:33","modified_gmt":"2022-01-09T14:11:33","slug":"nuova-ciclabile-nella-citta-di-gorizia","status":"publish","type":"post","link":"https:\/\/demo.cicloturismo.it\/?p=190982","title":{"rendered":"Nuova ciclabile nella citt\u00e0 di Gorizia ."},"content":{"rendered":"<p><img decoding=\"async\" src=\"data:image\/svg+xml,%3Csvg%20xmlns%3D%27http%3A%2F%2Fwww.w3.org%2F2000%2Fsvg%27%20width%3D%27300%27%20height%3D%27210%27%20viewBox%3D%270%200%20300%20210%27%3E%3Crect%20width%3D%27300%27%20height%3D%27210%27%20fill-opacity%3D%220%22%2F%3E%3C%2Fsvg%3E\" data-orig-src=\"https:\/\/demo.cicloturismo.it\/wp-content\/uploads\/2022\/01\/bicycles-gd9a0c2fd7_1280-300x210.jpg\" alt=\"\" width=\"300\" height=\"210\" class=\"lazyload alignnone size-medium wp-image-190983\" \/><\/p>\n<p>Il sindaco della citt\u00e0 di Gorizia ha annunciato ufficialmente il via libera ai    lavori della nuova ciclabile, che sorger\u00e0 lungo le sponde del fiume Isonzio . La nuova ciclabile si snoder\u00e0 lungo il Castel San Mauro, Case Noris, Piuma, Bella Veduta, Ponte del Torrione e Parco di Piuma. Da qui proseguir\u00e0 lungo via Cordaioli, Straccis e via Degli Scogli per poi proseguire verso il centro citt\u00e0, ovvero viale XX Settembre, via Santa Chiara, corso Verdi e via Balilla. Il Sindaco ,Rodolfo Ziberna, spiega che&#8221; Questa ciclabile sar\u00e0 molto importate per tutti il territorio perch\u00e9 dar\u00e0 la possibilit\u00e0 di attraversare luoghi bellissimi partendo dal centro citt\u00e0. Questo nuovo progetto attirer\u00e0 senz\u2019altro amanti della bici da tutta l\u2019Europa&#8221;.<\/p>\n","protected":false},"excerpt":{"rendered":"<p>Il sindaco della citt\u00e0 di Gorizia ha annunciato ufficialmente il  [&#8230;]<\/p>\n","protected":false},"author":1,"featured_media":190983,"comment_status":"open","ping_status":"open","sticky":false,"template":"","format":"standard","meta":{"footnotes":""},"categories":[8],"tags":[],"class_list":["post-190982","post","type-post","status-publish","format-standard","has-post-thumbnail","hentry","category-news"],"_links":{"self":[{"href":"https:\/\/demo.cicloturismo.it\/index.php?rest_route=\/wp\/v2\/posts\/190982","targetHints":{"allow":["GET"]}}],"collection":[{"href":"https:\/\/demo.cicloturismo.it\/index.php?rest_route=\/wp\/v2\/posts"}],"about":[{"href":"https:\/\/demo.cicloturismo.it\/index.php?rest_route=\/wp\/v2\/types\/post"}],"author":[{"embeddable":true,"href":"https:\/\/demo.cicloturismo.it\/index.php?rest_route=\/wp\/v2\/users\/1"}],"replies":[{"embeddable":true,"href":"https:\/\/demo.cicloturismo.it\/index.php?rest_route=%2Fwp%2Fv2%2Fcomments&post=190982"}],"version-history":[{"count":0,"href":"https:\/\/demo.cicloturismo.it\/index.php?rest_route=\/wp\/v2\/posts\/190982\/revisions"}],"wp:featuredmedia":[{"embeddable":true,"href":"https:\/\/demo.cicloturismo.it\/index.php?rest_route=\/"}],"wp:attachment":[{"href":"https:\/\/demo.cicloturismo.it\/index.php?rest_route=%2Fwp%2Fv2%2Fmedia&parent=190982"}],"wp:term":[{"taxonomy":"category","embeddable":true,"href":"https:\/\/demo.cicloturismo.it\/index.php?rest_route=%2Fwp%2Fv2%2Fcategories&post=190982"},{"taxonomy":"post_tag","embeddable":true,"href":"https:\/\/demo.cicloturismo.it\/index.php?rest_route=%2Fwp%2Fv2%2Ftags&post=190982"}],"curies":[{"name":"wp","href":"https:\/\/api.w.org\/{rel}","templated":true}]}}