{"id":191280,"date":"2022-01-24T16:05:06","date_gmt":"2022-01-24T14:05:06","guid":{"rendered":"https:\/\/www.cicloturismo.it\/?p=191280"},"modified":"2022-01-24T16:05:06","modified_gmt":"2022-01-24T14:05:06","slug":"nuova-ciclabile-nella-citta-di-terni","status":"publish","type":"post","link":"https:\/\/demo.cicloturismo.it\/?p=191280","title":{"rendered":"Nuova ciclabile nella citt\u00e0 di Terni ."},"content":{"rendered":"<p><a href=\"https:\/\/demo.cicloturismo.it\/nuove-ciclabile-nella-citta-di-rimini\/bicycle-path-g5369bfc5e_1280\/\" rel=\"attachment wp-att-191036\"><img decoding=\"async\" src=\"data:image\/svg+xml,%3Csvg%20xmlns%3D%27http%3A%2F%2Fwww.w3.org%2F2000%2Fsvg%27%20width%3D%27300%27%20height%3D%27200%27%20viewBox%3D%270%200%20300%20200%27%3E%3Crect%20width%3D%27300%27%20height%3D%27200%27%20fill-opacity%3D%220%22%2F%3E%3C%2Fsvg%3E\" data-orig-src=\"https:\/\/demo.cicloturismo.it\/wp-content\/uploads\/2022\/01\/bicycle-path-g5369bfc5e_1280-300x200.jpg\" alt=\"\" width=\"300\" height=\"200\" class=\"lazyload alignnone size-medium wp-image-191036\" \/><\/a><br \/>\nLa giunta comunale di Terni ha approvato il progetto definito della nuova ciclabile urbana che collegher\u00e0 la stazione ferroviaria al complesso universitario di Pentima .Questa nuova ciclabile favorir\u00e0 gli studenti  del centro a  raggiungere agevolmente il luogo di studio in bicicletta .L&#8217;opera avr\u00e0 un costo totale di  642.927,87 euro.<\/p>\n","protected":false},"excerpt":{"rendered":"<p>La giunta comunale di Terni ha approvato il progetto definito  [&#8230;]<\/p>\n","protected":false},"author":1,"featured_media":191036,"comment_status":"open","ping_status":"open","sticky":false,"template":"","format":"standard","meta":{"footnotes":""},"categories":[8],"tags":[],"class_list":["post-191280","post","type-post","status-publish","format-standard","has-post-thumbnail","hentry","category-news"],"_links":{"self":[{"href":"https:\/\/demo.cicloturismo.it\/index.php?rest_route=\/wp\/v2\/posts\/191280","targetHints":{"allow":["GET"]}}],"collection":[{"href":"https:\/\/demo.cicloturismo.it\/index.php?rest_route=\/wp\/v2\/posts"}],"about":[{"href":"https:\/\/demo.cicloturismo.it\/index.php?rest_route=\/wp\/v2\/types\/post"}],"author":[{"embeddable":true,"href":"https:\/\/demo.cicloturismo.it\/index.php?rest_route=\/wp\/v2\/users\/1"}],"replies":[{"embeddable":true,"href":"https:\/\/demo.cicloturismo.it\/index.php?rest_route=%2Fwp%2Fv2%2Fcomments&post=191280"}],"version-history":[{"count":0,"href":"https:\/\/demo.cicloturismo.it\/index.php?rest_route=\/wp\/v2\/posts\/191280\/revisions"}],"wp:featuredmedia":[{"embeddable":true,"href":"https:\/\/demo.cicloturismo.it\/index.php?rest_route=\/"}],"wp:attachment":[{"href":"https:\/\/demo.cicloturismo.it\/index.php?rest_route=%2Fwp%2Fv2%2Fmedia&parent=191280"}],"wp:term":[{"taxonomy":"category","embeddable":true,"href":"https:\/\/demo.cicloturismo.it\/index.php?rest_route=%2Fwp%2Fv2%2Fcategories&post=191280"},{"taxonomy":"post_tag","embeddable":true,"href":"https:\/\/demo.cicloturismo.it\/index.php?rest_route=%2Fwp%2Fv2%2Ftags&post=191280"}],"curies":[{"name":"wp","href":"https:\/\/api.w.org\/{rel}","templated":true}]}}