{"id":191303,"date":"2022-01-25T16:04:51","date_gmt":"2022-01-25T14:04:51","guid":{"rendered":"https:\/\/www.cicloturismo.it\/?p=191303"},"modified":"2022-01-25T16:04:51","modified_gmt":"2022-01-25T14:04:51","slug":"il-21-dei-ciclisti-del-world-tour-non-si-e-vaccinato-contro-il-covid-19","status":"publish","type":"post","link":"https:\/\/demo.cicloturismo.it\/?p=191303","title":{"rendered":"Il  21 % dei ciclisti del World Tour non si \u00e8 vaccinato contro il Covid-19 ."},"content":{"rendered":"<p><a href=\"https:\/\/demo.cicloturismo.it\/il-21-dei-ciclisti-del-world-tour-non-si-e-vaccinato-contro-il-covid-19\/sports-g9366fcde0_1280\/\" rel=\"attachment wp-att-191304\"><img decoding=\"async\" src=\"data:image\/svg+xml,%3Csvg%20xmlns%3D%27http%3A%2F%2Fwww.w3.org%2F2000%2Fsvg%27%20width%3D%27300%27%20height%3D%27199%27%20viewBox%3D%270%200%20300%20199%27%3E%3Crect%20width%3D%27300%27%20height%3D%27199%27%20fill-opacity%3D%220%22%2F%3E%3C%2Fsvg%3E\" data-orig-src=\"https:\/\/demo.cicloturismo.it\/wp-content\/uploads\/2022\/01\/sports-g9366fcde0_1280-300x199.jpg\" alt=\"\" width=\"300\" height=\"199\" class=\"lazyload alignnone size-medium wp-image-191304\" \/><\/a> Foto di <a href=\"https:\/\/phillipshelmets.co.uk\/\">https:\/\/phillipshelmets.co.uk\/<\/a><\/p>\n<p>La scorsa settimana l&#8217;unione ciclista internazionale ha reso noti i dati sulle vaccinazione anti-covid  degli alateti . Secondo i dati pubblicati la categoria con la copertura vaccinale pi\u00f9 alta \u00e8 quella del World Tour donne, che raggiunge quasi il 98% delle atlete. Pi\u00f9  basso invece la copertura vaccinale nella categoria  giovani   professional, dove gli atleti vaccinati sono l&#8217;86%.Mentre nella categoria Maschile World Tour , i vaccinati sono il 79%.Recentemente il governo francese ha deciso che gli atleti non vaccinati non potranno pi\u00f9 partecipare a nessun tipo di evento sportivo . Anche gli organizzatori  del Tour of Oman, del Saudi Tour e dell&#8217;UAE Tour,  hanno negato ai non vaccinati di partecipare alle competizioni.   <\/p>\n","protected":false},"excerpt":{"rendered":"<p>Foto di https:\/\/phillipshelmets.co.uk\/ La scorsa settimana l&#8217;unione ciclista internazionale ha  [&#8230;]<\/p>\n","protected":false},"author":1,"featured_media":191304,"comment_status":"open","ping_status":"open","sticky":false,"template":"","format":"standard","meta":{"footnotes":""},"categories":[8],"tags":[],"class_list":["post-191303","post","type-post","status-publish","format-standard","has-post-thumbnail","hentry","category-news"],"_links":{"self":[{"href":"https:\/\/demo.cicloturismo.it\/index.php?rest_route=\/wp\/v2\/posts\/191303","targetHints":{"allow":["GET"]}}],"collection":[{"href":"https:\/\/demo.cicloturismo.it\/index.php?rest_route=\/wp\/v2\/posts"}],"about":[{"href":"https:\/\/demo.cicloturismo.it\/index.php?rest_route=\/wp\/v2\/types\/post"}],"author":[{"embeddable":true,"href":"https:\/\/demo.cicloturismo.it\/index.php?rest_route=\/wp\/v2\/users\/1"}],"replies":[{"embeddable":true,"href":"https:\/\/demo.cicloturismo.it\/index.php?rest_route=%2Fwp%2Fv2%2Fcomments&post=191303"}],"version-history":[{"count":0,"href":"https:\/\/demo.cicloturismo.it\/index.php?rest_route=\/wp\/v2\/posts\/191303\/revisions"}],"wp:featuredmedia":[{"embeddable":true,"href":"https:\/\/demo.cicloturismo.it\/index.php?rest_route=\/"}],"wp:attachment":[{"href":"https:\/\/demo.cicloturismo.it\/index.php?rest_route=%2Fwp%2Fv2%2Fmedia&parent=191303"}],"wp:term":[{"taxonomy":"category","embeddable":true,"href":"https:\/\/demo.cicloturismo.it\/index.php?rest_route=%2Fwp%2Fv2%2Fcategories&post=191303"},{"taxonomy":"post_tag","embeddable":true,"href":"https:\/\/demo.cicloturismo.it\/index.php?rest_route=%2Fwp%2Fv2%2Ftags&post=191303"}],"curies":[{"name":"wp","href":"https:\/\/api.w.org\/{rel}","templated":true}]}}