{"id":191328,"date":"2022-01-26T16:02:01","date_gmt":"2022-01-26T14:02:01","guid":{"rendered":"https:\/\/www.cicloturismo.it\/?p=191328"},"modified":"2022-01-26T16:02:01","modified_gmt":"2022-01-26T14:02:01","slug":"nuova-ciclabile-nella-citta-di-rimini-2","status":"publish","type":"post","link":"https:\/\/demo.cicloturismo.it\/?p=191328","title":{"rendered":"Nuova ciclabile nella citt\u00e0 di Rimini ."},"content":{"rendered":"<p><a href=\"https:\/\/demo.cicloturismo.it\/nuova-ciclabile-nella-citta-di-rimini-2\/send-gc924f9cbf_1280\/\" rel=\"attachment wp-att-191330\"><img decoding=\"async\" src=\"data:image\/svg+xml,%3Csvg%20xmlns%3D%27http%3A%2F%2Fwww.w3.org%2F2000%2Fsvg%27%20width%3D%27300%27%20height%3D%27199%27%20viewBox%3D%270%200%20300%20199%27%3E%3Crect%20width%3D%27300%27%20height%3D%27199%27%20fill-opacity%3D%220%22%2F%3E%3C%2Fsvg%3E\" data-orig-src=\"https:\/\/demo.cicloturismo.it\/wp-content\/uploads\/2022\/01\/send-gc924f9cbf_1280-300x199.jpg\" alt=\"\" width=\"300\" height=\"199\" class=\"lazyload alignnone size-medium wp-image-191330\" \/><\/a><br \/>\nIl Sindaco della citt\u00e0 di Rimini ha annunciato ufficialmente il via ai lavori per la costruzione della nuova via ciclabile  urbana.Il nuovo percorso ciclabile sar\u00e0 realizzatore in via   Circonvallazione Occidentale. Con questo intervento si completer\u00e0 il collegamento ciclabile tra il Castel Sismondo e il parco 25 Aprile.L&#8217;opera avr\u00e0 un costo totale di 450mila euro . <\/p>\n","protected":false},"excerpt":{"rendered":"<p>Il Sindaco della citt\u00e0 di Rimini ha annunciato ufficialmente il  [&#8230;]<\/p>\n","protected":false},"author":1,"featured_media":191330,"comment_status":"open","ping_status":"open","sticky":false,"template":"","format":"standard","meta":{"footnotes":""},"categories":[8],"tags":[],"class_list":["post-191328","post","type-post","status-publish","format-standard","has-post-thumbnail","hentry","category-news"],"_links":{"self":[{"href":"https:\/\/demo.cicloturismo.it\/index.php?rest_route=\/wp\/v2\/posts\/191328","targetHints":{"allow":["GET"]}}],"collection":[{"href":"https:\/\/demo.cicloturismo.it\/index.php?rest_route=\/wp\/v2\/posts"}],"about":[{"href":"https:\/\/demo.cicloturismo.it\/index.php?rest_route=\/wp\/v2\/types\/post"}],"author":[{"embeddable":true,"href":"https:\/\/demo.cicloturismo.it\/index.php?rest_route=\/wp\/v2\/users\/1"}],"replies":[{"embeddable":true,"href":"https:\/\/demo.cicloturismo.it\/index.php?rest_route=%2Fwp%2Fv2%2Fcomments&post=191328"}],"version-history":[{"count":0,"href":"https:\/\/demo.cicloturismo.it\/index.php?rest_route=\/wp\/v2\/posts\/191328\/revisions"}],"wp:featuredmedia":[{"embeddable":true,"href":"https:\/\/demo.cicloturismo.it\/index.php?rest_route=\/"}],"wp:attachment":[{"href":"https:\/\/demo.cicloturismo.it\/index.php?rest_route=%2Fwp%2Fv2%2Fmedia&parent=191328"}],"wp:term":[{"taxonomy":"category","embeddable":true,"href":"https:\/\/demo.cicloturismo.it\/index.php?rest_route=%2Fwp%2Fv2%2Fcategories&post=191328"},{"taxonomy":"post_tag","embeddable":true,"href":"https:\/\/demo.cicloturismo.it\/index.php?rest_route=%2Fwp%2Fv2%2Ftags&post=191328"}],"curies":[{"name":"wp","href":"https:\/\/api.w.org\/{rel}","templated":true}]}}