{"id":191372,"date":"2022-01-28T15:50:54","date_gmt":"2022-01-28T13:50:54","guid":{"rendered":"https:\/\/www.cicloturismo.it\/?p=191372"},"modified":"2022-01-28T15:50:54","modified_gmt":"2022-01-28T13:50:54","slug":"nuova-ciclabile-nella-citta-di-imola","status":"publish","type":"post","link":"https:\/\/demo.cicloturismo.it\/?p=191372","title":{"rendered":"Nuova ciclabile nella citt\u00e0 di Imola ."},"content":{"rendered":"<p><a href=\"https:\/\/demo.cicloturismo.it\/nuova-ciclabile-nella-citta-di-imola\/bike-path-g473f27c4e_1280\/\" rel=\"attachment wp-att-191374\"><img decoding=\"async\" src=\"data:image\/svg+xml,%3Csvg%20xmlns%3D%27http%3A%2F%2Fwww.w3.org%2F2000%2Fsvg%27%20width%3D%27300%27%20height%3D%27200%27%20viewBox%3D%270%200%20300%20200%27%3E%3Crect%20width%3D%27300%27%20height%3D%27200%27%20fill-opacity%3D%220%22%2F%3E%3C%2Fsvg%3E\" data-orig-src=\"https:\/\/demo.cicloturismo.it\/wp-content\/uploads\/2022\/01\/bike-path-g473f27c4e_1280-300x200.jpg\" alt=\"\" width=\"300\" height=\"200\" class=\"lazyload alignnone size-medium wp-image-191374\" \/><\/a><\/p>\n<p>La giunta comunale della citt\u00e0 di Imola ha approvato il progetto definivo  di un nuovo tratto ciclabile cittadino . Il progetto prevede di realizzare una ciclabile fra  le vie Scania e Torricelli, che far\u00e0 da collegamento fra le ciclabili gi\u00e0  esistenti  e quelle in via di costruzione come quella di  Valle di Malta e Fontanelle . La nuova ciclabile avr\u00e0 un costo di 280.000 euro, di cui 100mila finanziati dalla Regione nell&#8217;ambito del progetto &#8221; Bike to Work &#8221;<\/p>\n","protected":false},"excerpt":{"rendered":"<p>La giunta comunale della citt\u00e0 di Imola ha approvato il  [&#8230;]<\/p>\n","protected":false},"author":1,"featured_media":191374,"comment_status":"open","ping_status":"open","sticky":false,"template":"","format":"standard","meta":{"footnotes":""},"categories":[8],"tags":[],"class_list":["post-191372","post","type-post","status-publish","format-standard","has-post-thumbnail","hentry","category-news"],"_links":{"self":[{"href":"https:\/\/demo.cicloturismo.it\/index.php?rest_route=\/wp\/v2\/posts\/191372","targetHints":{"allow":["GET"]}}],"collection":[{"href":"https:\/\/demo.cicloturismo.it\/index.php?rest_route=\/wp\/v2\/posts"}],"about":[{"href":"https:\/\/demo.cicloturismo.it\/index.php?rest_route=\/wp\/v2\/types\/post"}],"author":[{"embeddable":true,"href":"https:\/\/demo.cicloturismo.it\/index.php?rest_route=\/wp\/v2\/users\/1"}],"replies":[{"embeddable":true,"href":"https:\/\/demo.cicloturismo.it\/index.php?rest_route=%2Fwp%2Fv2%2Fcomments&post=191372"}],"version-history":[{"count":0,"href":"https:\/\/demo.cicloturismo.it\/index.php?rest_route=\/wp\/v2\/posts\/191372\/revisions"}],"wp:featuredmedia":[{"embeddable":true,"href":"https:\/\/demo.cicloturismo.it\/index.php?rest_route=\/"}],"wp:attachment":[{"href":"https:\/\/demo.cicloturismo.it\/index.php?rest_route=%2Fwp%2Fv2%2Fmedia&parent=191372"}],"wp:term":[{"taxonomy":"category","embeddable":true,"href":"https:\/\/demo.cicloturismo.it\/index.php?rest_route=%2Fwp%2Fv2%2Fcategories&post=191372"},{"taxonomy":"post_tag","embeddable":true,"href":"https:\/\/demo.cicloturismo.it\/index.php?rest_route=%2Fwp%2Fv2%2Ftags&post=191372"}],"curies":[{"name":"wp","href":"https:\/\/api.w.org\/{rel}","templated":true}]}}