{"id":191504,"date":"2022-02-04T16:21:10","date_gmt":"2022-02-04T14:21:10","guid":{"rendered":"https:\/\/www.cicloturismo.it\/?p=191504"},"modified":"2022-02-04T16:21:10","modified_gmt":"2022-02-04T14:21:10","slug":"progettata-una-nuova-ciclabile-nella-citta-di-viareggio","status":"publish","type":"post","link":"https:\/\/demo.cicloturismo.it\/?p=191504","title":{"rendered":"Progettata  una nuova ciclabile nella citt\u00e0 di Viareggio ."},"content":{"rendered":"<p><a href=\"https:\/\/demo.cicloturismo.it\/progettata-una-nuova-ciclabile-nella-citta-di-viareggio\/bicycle-g58786517d_1280\/\" rel=\"attachment wp-att-191505\"><img decoding=\"async\" src=\"data:image\/svg+xml,%3Csvg%20xmlns%3D%27http%3A%2F%2Fwww.w3.org%2F2000%2Fsvg%27%20width%3D%27300%27%20height%3D%27200%27%20viewBox%3D%270%200%20300%20200%27%3E%3Crect%20width%3D%27300%27%20height%3D%27200%27%20fill-opacity%3D%220%22%2F%3E%3C%2Fsvg%3E\" data-orig-src=\"https:\/\/demo.cicloturismo.it\/wp-content\/uploads\/2022\/02\/bicycle-g58786517d_1280-300x200.jpg\" alt=\"\" width=\"300\" height=\"200\" class=\"lazyload alignnone size-medium wp-image-191505\" \/><\/a><\/p>\n<p>La scorsa settimana il comune di Viareggio ha approvato il progetto definito della nuova ciclabile urbana. Secondo il progetto la ciclabile verr\u00e0 costruita nel quartiere Darsena, si snoder\u00e0  lungo due chilometri e 600 metri ,  prender\u00e0 il via  dalla Passerella Pacifici e arriver\u00e0  lungo il viale Europa fino a via dei Comparini. La nuova infrastruttura avr\u00e0 un costo totale di 800mila euro . <\/p>\n","protected":false},"excerpt":{"rendered":"<p>La scorsa settimana il comune di Viareggio ha approvato il  [&#8230;]<\/p>\n","protected":false},"author":1,"featured_media":191505,"comment_status":"open","ping_status":"open","sticky":false,"template":"","format":"standard","meta":{"footnotes":""},"categories":[8],"tags":[],"class_list":["post-191504","post","type-post","status-publish","format-standard","has-post-thumbnail","hentry","category-news"],"_links":{"self":[{"href":"https:\/\/demo.cicloturismo.it\/index.php?rest_route=\/wp\/v2\/posts\/191504","targetHints":{"allow":["GET"]}}],"collection":[{"href":"https:\/\/demo.cicloturismo.it\/index.php?rest_route=\/wp\/v2\/posts"}],"about":[{"href":"https:\/\/demo.cicloturismo.it\/index.php?rest_route=\/wp\/v2\/types\/post"}],"author":[{"embeddable":true,"href":"https:\/\/demo.cicloturismo.it\/index.php?rest_route=\/wp\/v2\/users\/1"}],"replies":[{"embeddable":true,"href":"https:\/\/demo.cicloturismo.it\/index.php?rest_route=%2Fwp%2Fv2%2Fcomments&post=191504"}],"version-history":[{"count":0,"href":"https:\/\/demo.cicloturismo.it\/index.php?rest_route=\/wp\/v2\/posts\/191504\/revisions"}],"wp:featuredmedia":[{"embeddable":true,"href":"https:\/\/demo.cicloturismo.it\/index.php?rest_route=\/"}],"wp:attachment":[{"href":"https:\/\/demo.cicloturismo.it\/index.php?rest_route=%2Fwp%2Fv2%2Fmedia&parent=191504"}],"wp:term":[{"taxonomy":"category","embeddable":true,"href":"https:\/\/demo.cicloturismo.it\/index.php?rest_route=%2Fwp%2Fv2%2Fcategories&post=191504"},{"taxonomy":"post_tag","embeddable":true,"href":"https:\/\/demo.cicloturismo.it\/index.php?rest_route=%2Fwp%2Fv2%2Ftags&post=191504"}],"curies":[{"name":"wp","href":"https:\/\/api.w.org\/{rel}","templated":true}]}}