{"id":191574,"date":"2022-02-07T15:40:36","date_gmt":"2022-02-07T13:40:36","guid":{"rendered":"https:\/\/www.cicloturismo.it\/?p=191574"},"modified":"2022-02-07T15:40:36","modified_gmt":"2022-02-07T13:40:36","slug":"progettata-una-nuova-ciclabile-nel-comune-di-borgo-dale","status":"publish","type":"post","link":"https:\/\/demo.cicloturismo.it\/?p=191574","title":{"rendered":"Progettata una nuova ciclabile nel comune di  Borgo d&#8217;Ale."},"content":{"rendered":"<p><a href=\"https:\/\/demo.cicloturismo.it\/progettata-una-nuova-ciclabile-nel-comune-di-borgo-dale\/person-g5f092eb79_1280\/\" rel=\"attachment wp-att-191575\"><img decoding=\"async\" src=\"data:image\/svg+xml,%3Csvg%20xmlns%3D%27http%3A%2F%2Fwww.w3.org%2F2000%2Fsvg%27%20width%3D%27300%27%20height%3D%27200%27%20viewBox%3D%270%200%20300%20200%27%3E%3Crect%20width%3D%27300%27%20height%3D%27200%27%20fill-opacity%3D%220%22%2F%3E%3C%2Fsvg%3E\" data-orig-src=\"https:\/\/demo.cicloturismo.it\/wp-content\/uploads\/2022\/02\/person-g5f092eb79_1280-300x200.jpg\" alt=\"\" width=\"300\" height=\"200\" class=\"lazyload alignnone size-medium wp-image-191575\" \/><\/a><br \/>\nLa giunta comunale di Borgo d&#8217;Ale  ha approvato in questi giorni il progetto di fattibilit\u00e0 della nuova ciclabile urbana . La nuova ciclabile sorger\u00e0 in prossimit\u00e0 del viale Consolata, lungo la Strada Provinciale 593, sul lato a monte della carreggiata . Secondo il progetto la ciclabile sar\u00e0 lunga 550 metri e una lunghezza  media di 2,50 metri. La nuova ciclabile avr\u00e0 un costo totale di 100mila euro .   <\/p>\n","protected":false},"excerpt":{"rendered":"<p>La giunta comunale di Borgo d&#8217;Ale ha approvato in questi  [&#8230;]<\/p>\n","protected":false},"author":1,"featured_media":191575,"comment_status":"open","ping_status":"open","sticky":false,"template":"","format":"standard","meta":{"footnotes":""},"categories":[8],"tags":[],"class_list":["post-191574","post","type-post","status-publish","format-standard","has-post-thumbnail","hentry","category-news"],"_links":{"self":[{"href":"https:\/\/demo.cicloturismo.it\/index.php?rest_route=\/wp\/v2\/posts\/191574","targetHints":{"allow":["GET"]}}],"collection":[{"href":"https:\/\/demo.cicloturismo.it\/index.php?rest_route=\/wp\/v2\/posts"}],"about":[{"href":"https:\/\/demo.cicloturismo.it\/index.php?rest_route=\/wp\/v2\/types\/post"}],"author":[{"embeddable":true,"href":"https:\/\/demo.cicloturismo.it\/index.php?rest_route=\/wp\/v2\/users\/1"}],"replies":[{"embeddable":true,"href":"https:\/\/demo.cicloturismo.it\/index.php?rest_route=%2Fwp%2Fv2%2Fcomments&post=191574"}],"version-history":[{"count":0,"href":"https:\/\/demo.cicloturismo.it\/index.php?rest_route=\/wp\/v2\/posts\/191574\/revisions"}],"wp:featuredmedia":[{"embeddable":true,"href":"https:\/\/demo.cicloturismo.it\/index.php?rest_route=\/"}],"wp:attachment":[{"href":"https:\/\/demo.cicloturismo.it\/index.php?rest_route=%2Fwp%2Fv2%2Fmedia&parent=191574"}],"wp:term":[{"taxonomy":"category","embeddable":true,"href":"https:\/\/demo.cicloturismo.it\/index.php?rest_route=%2Fwp%2Fv2%2Fcategories&post=191574"},{"taxonomy":"post_tag","embeddable":true,"href":"https:\/\/demo.cicloturismo.it\/index.php?rest_route=%2Fwp%2Fv2%2Ftags&post=191574"}],"curies":[{"name":"wp","href":"https:\/\/api.w.org\/{rel}","templated":true}]}}