{"id":191617,"date":"2022-02-09T15:47:03","date_gmt":"2022-02-09T13:47:03","guid":{"rendered":"https:\/\/www.cicloturismo.it\/?p=191617"},"modified":"2022-02-09T15:47:03","modified_gmt":"2022-02-09T13:47:03","slug":"nuova-ciclabile-nella-citta-di-torino","status":"publish","type":"post","link":"https:\/\/demo.cicloturismo.it\/?p=191617","title":{"rendered":"Nuova ciclabile nella citt\u00e0 di Torino ."},"content":{"rendered":"<p><a href=\"https:\/\/demo.cicloturismo.it\/nuova-ciclabile-nella-citta-di-imola\/bike-path-g473f27c4e_1280\/\" rel=\"attachment wp-att-191374\"><img decoding=\"async\" src=\"data:image\/svg+xml,%3Csvg%20xmlns%3D%27http%3A%2F%2Fwww.w3.org%2F2000%2Fsvg%27%20width%3D%27300%27%20height%3D%27200%27%20viewBox%3D%270%200%20300%20200%27%3E%3Crect%20width%3D%27300%27%20height%3D%27200%27%20fill-opacity%3D%220%22%2F%3E%3C%2Fsvg%3E\" data-orig-src=\"https:\/\/demo.cicloturismo.it\/wp-content\/uploads\/2022\/01\/bike-path-g473f27c4e_1280-300x200.jpg\" alt=\"\" width=\"300\" height=\"200\" class=\"lazyload alignnone size-medium wp-image-191374\" \/><\/a><br \/>\nL&#8217;amministrazione comunale di Torino ha approvato il progetto definitivo  della nuova ciclabile urbana, i lavori dovrebbero partire tra qualche giorno . La nuova ciclabile si estender\u00e0 da via Valenza &#8211; che si trova all&#8217;altezza del Palavela &#8211; a corso Maroncelli mentre successivamente c&#8217;\u00e8 gi\u00e0 l&#8217;idea di proseguire con il tracciato fino alla citt\u00e0 di  Moncalieri. <\/p>\n","protected":false},"excerpt":{"rendered":"<p>L&#8217;amministrazione comunale di Torino ha approvato il progetto definitivo della  [&#8230;]<\/p>\n","protected":false},"author":1,"featured_media":191374,"comment_status":"open","ping_status":"open","sticky":false,"template":"","format":"standard","meta":{"footnotes":""},"categories":[8],"tags":[],"class_list":["post-191617","post","type-post","status-publish","format-standard","has-post-thumbnail","hentry","category-news"],"_links":{"self":[{"href":"https:\/\/demo.cicloturismo.it\/index.php?rest_route=\/wp\/v2\/posts\/191617","targetHints":{"allow":["GET"]}}],"collection":[{"href":"https:\/\/demo.cicloturismo.it\/index.php?rest_route=\/wp\/v2\/posts"}],"about":[{"href":"https:\/\/demo.cicloturismo.it\/index.php?rest_route=\/wp\/v2\/types\/post"}],"author":[{"embeddable":true,"href":"https:\/\/demo.cicloturismo.it\/index.php?rest_route=\/wp\/v2\/users\/1"}],"replies":[{"embeddable":true,"href":"https:\/\/demo.cicloturismo.it\/index.php?rest_route=%2Fwp%2Fv2%2Fcomments&post=191617"}],"version-history":[{"count":0,"href":"https:\/\/demo.cicloturismo.it\/index.php?rest_route=\/wp\/v2\/posts\/191617\/revisions"}],"wp:featuredmedia":[{"embeddable":true,"href":"https:\/\/demo.cicloturismo.it\/index.php?rest_route=\/"}],"wp:attachment":[{"href":"https:\/\/demo.cicloturismo.it\/index.php?rest_route=%2Fwp%2Fv2%2Fmedia&parent=191617"}],"wp:term":[{"taxonomy":"category","embeddable":true,"href":"https:\/\/demo.cicloturismo.it\/index.php?rest_route=%2Fwp%2Fv2%2Fcategories&post=191617"},{"taxonomy":"post_tag","embeddable":true,"href":"https:\/\/demo.cicloturismo.it\/index.php?rest_route=%2Fwp%2Fv2%2Ftags&post=191617"}],"curies":[{"name":"wp","href":"https:\/\/api.w.org\/{rel}","templated":true}]}}