{"id":191639,"date":"2022-02-11T16:00:16","date_gmt":"2022-02-11T14:00:16","guid":{"rendered":"https:\/\/www.cicloturismo.it\/?p=191639"},"modified":"2022-02-11T16:00:16","modified_gmt":"2022-02-11T14:00:16","slug":"nuova-ciclabile-nella-citta-di-roma","status":"publish","type":"post","link":"https:\/\/demo.cicloturismo.it\/?p=191639","title":{"rendered":"Nuova ciclabile nella citt\u00e0 di Roma"},"content":{"rendered":"<p><a href=\"https:\/\/demo.cicloturismo.it\/nuova-ciclabile-nella-citta-di-roma\/bicyclists-gaad5df8ae_1280\/\" rel=\"attachment wp-att-191640\"><img decoding=\"async\" src=\"data:image\/svg+xml,%3Csvg%20xmlns%3D%27http%3A%2F%2Fwww.w3.org%2F2000%2Fsvg%27%20width%3D%27300%27%20height%3D%27204%27%20viewBox%3D%270%200%20300%20204%27%3E%3Crect%20width%3D%27300%27%20height%3D%27204%27%20fill-opacity%3D%220%22%2F%3E%3C%2Fsvg%3E\" data-orig-src=\"https:\/\/demo.cicloturismo.it\/wp-content\/uploads\/2022\/02\/bicyclists-gaad5df8ae_1280-300x204.jpg\" alt=\"\" width=\"300\" height=\"204\" class=\"lazyload alignnone size-medium wp-image-191640\" \/><\/a><br \/>\nNel mese di Marzo partiranno ufficialmente i lavori  per la realizzazione della Ciclovia delle Valli.La nuova ciclabile avr\u00e0 un costo di 16 milioni di euro, si svilupper\u00e0  su un percorso di circa  nove chilometri . Il tracciato si snoder\u00e0  tra Piazza Sempione, viale Jonio e Prati Fiscali: un percorso dedicato alle biciclette  che mette in collegamento le due stazioni della metropolitana B1 Jonio e Conca d&#8217;Oro.I lavori dovrebbero essere terminati nel 2023.<\/p>\n","protected":false},"excerpt":{"rendered":"<p>Nel mese di Marzo partiranno ufficialmente i lavori per la  [&#8230;]<\/p>\n","protected":false},"author":1,"featured_media":191640,"comment_status":"open","ping_status":"open","sticky":false,"template":"","format":"standard","meta":{"footnotes":""},"categories":[8],"tags":[],"class_list":["post-191639","post","type-post","status-publish","format-standard","has-post-thumbnail","hentry","category-news"],"_links":{"self":[{"href":"https:\/\/demo.cicloturismo.it\/index.php?rest_route=\/wp\/v2\/posts\/191639","targetHints":{"allow":["GET"]}}],"collection":[{"href":"https:\/\/demo.cicloturismo.it\/index.php?rest_route=\/wp\/v2\/posts"}],"about":[{"href":"https:\/\/demo.cicloturismo.it\/index.php?rest_route=\/wp\/v2\/types\/post"}],"author":[{"embeddable":true,"href":"https:\/\/demo.cicloturismo.it\/index.php?rest_route=\/wp\/v2\/users\/1"}],"replies":[{"embeddable":true,"href":"https:\/\/demo.cicloturismo.it\/index.php?rest_route=%2Fwp%2Fv2%2Fcomments&post=191639"}],"version-history":[{"count":0,"href":"https:\/\/demo.cicloturismo.it\/index.php?rest_route=\/wp\/v2\/posts\/191639\/revisions"}],"wp:featuredmedia":[{"embeddable":true,"href":"https:\/\/demo.cicloturismo.it\/index.php?rest_route=\/"}],"wp:attachment":[{"href":"https:\/\/demo.cicloturismo.it\/index.php?rest_route=%2Fwp%2Fv2%2Fmedia&parent=191639"}],"wp:term":[{"taxonomy":"category","embeddable":true,"href":"https:\/\/demo.cicloturismo.it\/index.php?rest_route=%2Fwp%2Fv2%2Fcategories&post=191639"},{"taxonomy":"post_tag","embeddable":true,"href":"https:\/\/demo.cicloturismo.it\/index.php?rest_route=%2Fwp%2Fv2%2Ftags&post=191639"}],"curies":[{"name":"wp","href":"https:\/\/api.w.org\/{rel}","templated":true}]}}