{"id":191681,"date":"2022-02-14T16:00:03","date_gmt":"2022-02-14T14:00:03","guid":{"rendered":"https:\/\/www.cicloturismo.it\/?p=191681"},"modified":"2022-02-14T16:00:03","modified_gmt":"2022-02-14T14:00:03","slug":"nuova-cilabile-nella-citta-di-verona","status":"publish","type":"post","link":"https:\/\/demo.cicloturismo.it\/?p=191681","title":{"rendered":"Nuova cilabile nella citt\u00e0 di Verona ."},"content":{"rendered":"<p><a href=\"https:\/\/demo.cicloturismo.it\/nuova-cilabile-nella-citta-di-verona\/bicycle-g8081cd2fd_1280\/\" rel=\"attachment wp-att-191682\"><img decoding=\"async\" src=\"data:image\/svg+xml,%3Csvg%20xmlns%3D%27http%3A%2F%2Fwww.w3.org%2F2000%2Fsvg%27%20width%3D%27300%27%20height%3D%27200%27%20viewBox%3D%270%200%20300%20200%27%3E%3Crect%20width%3D%27300%27%20height%3D%27200%27%20fill-opacity%3D%220%22%2F%3E%3C%2Fsvg%3E\" data-orig-src=\"https:\/\/demo.cicloturismo.it\/wp-content\/uploads\/2022\/02\/bicycle-g8081cd2fd_1280-300x200.jpg\" alt=\"\" width=\"300\" height=\"200\" class=\"lazyload alignnone size-medium wp-image-191682\" \/><\/a><br \/>\nL&#8217;amministrazione comunale di Verona ha approvato il progetto definitivo  della nuova ciclabile che collegher\u00e0 il centro citt\u00e0 con la frazione di Valpantena . Questa nuovo collegamento ciclabile consentir\u00e0 ai cittadini di percorrere in totale  sicurezza un tratto di strada tanto importante   quanto pericoloso se non dotato di infrastrutture adeguate. Il progetto prevede di realizzare una nuova ciclabile  lungo via Colonnello Fincato, che servir\u00e0 a completare l\u2019itinerario  gi\u00e0 realizzato nel tragitto  compreso tra la frazione di Quinto e l\u2019ingresso della tangenziale Est, collegando cosi anche  la frazione di  Valpantena a Borgo Venezia.<\/p>\n","protected":false},"excerpt":{"rendered":"<p>L&#8217;amministrazione comunale di Verona ha approvato il progetto definitivo della  [&#8230;]<\/p>\n","protected":false},"author":1,"featured_media":191682,"comment_status":"open","ping_status":"open","sticky":false,"template":"","format":"standard","meta":{"footnotes":""},"categories":[8],"tags":[],"class_list":["post-191681","post","type-post","status-publish","format-standard","has-post-thumbnail","hentry","category-news"],"_links":{"self":[{"href":"https:\/\/demo.cicloturismo.it\/index.php?rest_route=\/wp\/v2\/posts\/191681","targetHints":{"allow":["GET"]}}],"collection":[{"href":"https:\/\/demo.cicloturismo.it\/index.php?rest_route=\/wp\/v2\/posts"}],"about":[{"href":"https:\/\/demo.cicloturismo.it\/index.php?rest_route=\/wp\/v2\/types\/post"}],"author":[{"embeddable":true,"href":"https:\/\/demo.cicloturismo.it\/index.php?rest_route=\/wp\/v2\/users\/1"}],"replies":[{"embeddable":true,"href":"https:\/\/demo.cicloturismo.it\/index.php?rest_route=%2Fwp%2Fv2%2Fcomments&post=191681"}],"version-history":[{"count":0,"href":"https:\/\/demo.cicloturismo.it\/index.php?rest_route=\/wp\/v2\/posts\/191681\/revisions"}],"wp:featuredmedia":[{"embeddable":true,"href":"https:\/\/demo.cicloturismo.it\/index.php?rest_route=\/"}],"wp:attachment":[{"href":"https:\/\/demo.cicloturismo.it\/index.php?rest_route=%2Fwp%2Fv2%2Fmedia&parent=191681"}],"wp:term":[{"taxonomy":"category","embeddable":true,"href":"https:\/\/demo.cicloturismo.it\/index.php?rest_route=%2Fwp%2Fv2%2Fcategories&post=191681"},{"taxonomy":"post_tag","embeddable":true,"href":"https:\/\/demo.cicloturismo.it\/index.php?rest_route=%2Fwp%2Fv2%2Ftags&post=191681"}],"curies":[{"name":"wp","href":"https:\/\/api.w.org\/{rel}","templated":true}]}}