{"id":191707,"date":"2022-02-15T15:24:14","date_gmt":"2022-02-15T13:24:14","guid":{"rendered":"https:\/\/www.cicloturismo.it\/?p=191707"},"modified":"2022-02-15T15:24:14","modified_gmt":"2022-02-15T13:24:14","slug":"nuova-ciclabile-nella-citta-di-cremona","status":"publish","type":"post","link":"https:\/\/demo.cicloturismo.it\/?p=191707","title":{"rendered":"Nuova ciclabile nella citt\u00e0 di Cremona."},"content":{"rendered":"<p><a href=\"https:\/\/demo.cicloturismo.it\/nuova-ciclabile-nel-comune-di-castel-san-pietro-terme\/bicycle-path-g44e86b8d6_1280\/\" rel=\"attachment wp-att-191473\"><img decoding=\"async\" src=\"data:image\/svg+xml,%3Csvg%20xmlns%3D%27http%3A%2F%2Fwww.w3.org%2F2000%2Fsvg%27%20width%3D%27300%27%20height%3D%27200%27%20viewBox%3D%270%200%20300%20200%27%3E%3Crect%20width%3D%27300%27%20height%3D%27200%27%20fill-opacity%3D%220%22%2F%3E%3C%2Fsvg%3E\" data-orig-src=\"https:\/\/demo.cicloturismo.it\/wp-content\/uploads\/2022\/02\/bicycle-path-g44e86b8d6_1280-300x200.jpg\" alt=\"\" width=\"300\" height=\"200\" class=\"lazyload alignnone size-medium wp-image-191473\" \/><\/a><br \/>\nLa scorsa settimana nella citt\u00e0 di Cremona \u00e8 stata completata la corsia ciclabile che unisce  Via Buoso da Dovara a via Battaglione, unendo  cos\u00ec  uno dei percorsi del Biciplan cittadina. Le  ciclabili  di via Milano,  via Sesto e via   via Giuseppina sono stati finanziati  con fondi regionali .  Con un valore complessivo di  433mila euro di cui 200mila finanziati attraverso il bando \u2018Strade sicure\u2019.<\/p>\n","protected":false},"excerpt":{"rendered":"<p>La scorsa settimana nella citt\u00e0 di Cremona \u00e8 stata completata  [&#8230;]<\/p>\n","protected":false},"author":1,"featured_media":191473,"comment_status":"open","ping_status":"open","sticky":false,"template":"","format":"standard","meta":{"footnotes":""},"categories":[8],"tags":[],"class_list":["post-191707","post","type-post","status-publish","format-standard","has-post-thumbnail","hentry","category-news"],"_links":{"self":[{"href":"https:\/\/demo.cicloturismo.it\/index.php?rest_route=\/wp\/v2\/posts\/191707","targetHints":{"allow":["GET"]}}],"collection":[{"href":"https:\/\/demo.cicloturismo.it\/index.php?rest_route=\/wp\/v2\/posts"}],"about":[{"href":"https:\/\/demo.cicloturismo.it\/index.php?rest_route=\/wp\/v2\/types\/post"}],"author":[{"embeddable":true,"href":"https:\/\/demo.cicloturismo.it\/index.php?rest_route=\/wp\/v2\/users\/1"}],"replies":[{"embeddable":true,"href":"https:\/\/demo.cicloturismo.it\/index.php?rest_route=%2Fwp%2Fv2%2Fcomments&post=191707"}],"version-history":[{"count":0,"href":"https:\/\/demo.cicloturismo.it\/index.php?rest_route=\/wp\/v2\/posts\/191707\/revisions"}],"wp:featuredmedia":[{"embeddable":true,"href":"https:\/\/demo.cicloturismo.it\/index.php?rest_route=\/"}],"wp:attachment":[{"href":"https:\/\/demo.cicloturismo.it\/index.php?rest_route=%2Fwp%2Fv2%2Fmedia&parent=191707"}],"wp:term":[{"taxonomy":"category","embeddable":true,"href":"https:\/\/demo.cicloturismo.it\/index.php?rest_route=%2Fwp%2Fv2%2Fcategories&post=191707"},{"taxonomy":"post_tag","embeddable":true,"href":"https:\/\/demo.cicloturismo.it\/index.php?rest_route=%2Fwp%2Fv2%2Ftags&post=191707"}],"curies":[{"name":"wp","href":"https:\/\/api.w.org\/{rel}","templated":true}]}}