{"id":191741,"date":"2022-02-16T16:41:56","date_gmt":"2022-02-16T14:41:56","guid":{"rendered":"https:\/\/www.cicloturismo.it\/?p=191741"},"modified":"2022-02-16T16:41:56","modified_gmt":"2022-02-16T14:41:56","slug":"ciclista-si-perde-in-toscana-nel-terrore-chiama-i-carabinieri","status":"publish","type":"post","link":"https:\/\/demo.cicloturismo.it\/?p=191741","title":{"rendered":"Ciclista si perde in Toscana: nel terrore  chiama i carabinieri."},"content":{"rendered":"<p><a href=\"https:\/\/demo.cicloturismo.it\/ciclista-si-perde-in-toscana-nel-terrore-chiama-i-carabinieri\/man-ge969e01cd_1280\/\" rel=\"attachment wp-att-191742\"><img decoding=\"async\" src=\"data:image\/svg+xml,%3Csvg%20xmlns%3D%27http%3A%2F%2Fwww.w3.org%2F2000%2Fsvg%27%20width%3D%27300%27%20height%3D%27200%27%20viewBox%3D%270%200%20300%20200%27%3E%3Crect%20width%3D%27300%27%20height%3D%27200%27%20fill-opacity%3D%220%22%2F%3E%3C%2Fsvg%3E\" data-orig-src=\"https:\/\/demo.cicloturismo.it\/wp-content\/uploads\/2022\/02\/man-ge969e01cd_1280-300x200.jpg\" alt=\"\" width=\"300\" height=\"200\" class=\"lazyload alignnone size-medium wp-image-191742\" \/><\/a><br \/>\nUn ciclista di 60 anni era uscito in bicicletta quando, improvvisamente, si \u00e8 accorto di ritrovarsi in luoghi mai visti  e che il sole stava ormai calando. A quel punto , il ciclista si \u00e8 fatto prendere dal panico , perch\u00e9 tornare indietro  col buio a Citt\u00e0 di Castello, percorrendo le strade di notte in bici sarebbe stata una verr\u00e0 odissea. Il ciclista  \u00e8 stato trovato da un passante, che lo ha calmato e poi ha chiamato i carabinieri della zona per chiedere aiuto. Dopo pochi minuti sul posto sono giunti gli agenti che ,lo hanno rassicurato sul fatto che l\u2019avrebbero aiutato a tornare a casa . Il ciclista \u00e8 stata riportato a casa dal cittadino che aveva fatto la segnalazione ai carabinieri .   <\/p>\n","protected":false},"excerpt":{"rendered":"<p>Un ciclista di 60 anni era uscito in bicicletta quando,  [&#8230;]<\/p>\n","protected":false},"author":1,"featured_media":191742,"comment_status":"open","ping_status":"open","sticky":false,"template":"","format":"standard","meta":{"footnotes":""},"categories":[8],"tags":[],"class_list":["post-191741","post","type-post","status-publish","format-standard","has-post-thumbnail","hentry","category-news"],"_links":{"self":[{"href":"https:\/\/demo.cicloturismo.it\/index.php?rest_route=\/wp\/v2\/posts\/191741","targetHints":{"allow":["GET"]}}],"collection":[{"href":"https:\/\/demo.cicloturismo.it\/index.php?rest_route=\/wp\/v2\/posts"}],"about":[{"href":"https:\/\/demo.cicloturismo.it\/index.php?rest_route=\/wp\/v2\/types\/post"}],"author":[{"embeddable":true,"href":"https:\/\/demo.cicloturismo.it\/index.php?rest_route=\/wp\/v2\/users\/1"}],"replies":[{"embeddable":true,"href":"https:\/\/demo.cicloturismo.it\/index.php?rest_route=%2Fwp%2Fv2%2Fcomments&post=191741"}],"version-history":[{"count":0,"href":"https:\/\/demo.cicloturismo.it\/index.php?rest_route=\/wp\/v2\/posts\/191741\/revisions"}],"wp:featuredmedia":[{"embeddable":true,"href":"https:\/\/demo.cicloturismo.it\/index.php?rest_route=\/"}],"wp:attachment":[{"href":"https:\/\/demo.cicloturismo.it\/index.php?rest_route=%2Fwp%2Fv2%2Fmedia&parent=191741"}],"wp:term":[{"taxonomy":"category","embeddable":true,"href":"https:\/\/demo.cicloturismo.it\/index.php?rest_route=%2Fwp%2Fv2%2Fcategories&post=191741"},{"taxonomy":"post_tag","embeddable":true,"href":"https:\/\/demo.cicloturismo.it\/index.php?rest_route=%2Fwp%2Fv2%2Ftags&post=191741"}],"curies":[{"name":"wp","href":"https:\/\/api.w.org\/{rel}","templated":true}]}}