{"id":191763,"date":"2022-02-17T16:19:44","date_gmt":"2022-02-17T14:19:44","guid":{"rendered":"https:\/\/www.cicloturismo.it\/?p=191763"},"modified":"2022-02-17T16:19:44","modified_gmt":"2022-02-17T14:19:44","slug":"via-libera-al-progetto-della-ciclabile-valpantena","status":"publish","type":"post","link":"https:\/\/demo.cicloturismo.it\/?p=191763","title":{"rendered":"Via libera al progetto della ciclabile Valpantena ."},"content":{"rendered":"<p><a href=\"https:\/\/demo.cicloturismo.it\/via-libera-al-progetto-della-ciclabile-valpantena\/bicycle-gd8ea15120_1280\/\" rel=\"attachment wp-att-191764\"><img decoding=\"async\" src=\"data:image\/svg+xml,%3Csvg%20xmlns%3D%27http%3A%2F%2Fwww.w3.org%2F2000%2Fsvg%27%20width%3D%27300%27%20height%3D%27217%27%20viewBox%3D%270%200%20300%20217%27%3E%3Crect%20width%3D%27300%27%20height%3D%27217%27%20fill-opacity%3D%220%22%2F%3E%3C%2Fsvg%3E\" data-orig-src=\"https:\/\/demo.cicloturismo.it\/wp-content\/uploads\/2022\/02\/bicycle-gd8ea15120_1280-300x217.jpg\" alt=\"\" width=\"300\" height=\"217\" class=\"lazyload alignnone size-medium wp-image-191764\" \/><\/a><\/p>\n<p>La giunta comunale di Verona ha approvato con ventisei voti favorevoli il progetto per la realizzazione<br \/>\ndi mezzo chilometro di pista ciclabile tra la localit\u00e0 di Valpantena e la citt\u00e0. Il progetto definito prevede di realizzare un nuovo percorso ciclabile lungo Via Colonnello Fincato con cui sar\u00e0 completato l&#8217;itinerario ciclabile gi\u00e0 realizzato nel tratto  tra la frazione di Quinto e l&#8217;ingresso della Tangenziale Est, collegando cosi  la frazione di  Valpantena a Borgo Venezia. La prima ciclabile partir\u00e0 dal archeggio del supermercato nei pressi dello svincolo della Tangenziale Est,per poi unirsi alla ciclabile gi\u00e0 esistente . La seconda ciclabile   andr\u00e0 a completare il collegamento con la rete ciclabile cittadina di fronte ad un secondo supermercato . L&#8217;opera avr\u00e0 un costo totale 218mila euro .<\/p>\n","protected":false},"excerpt":{"rendered":"<p>La giunta comunale di Verona ha approvato con ventisei voti  [&#8230;]<\/p>\n","protected":false},"author":1,"featured_media":191764,"comment_status":"open","ping_status":"open","sticky":false,"template":"","format":"standard","meta":{"footnotes":""},"categories":[8],"tags":[],"class_list":["post-191763","post","type-post","status-publish","format-standard","has-post-thumbnail","hentry","category-news"],"_links":{"self":[{"href":"https:\/\/demo.cicloturismo.it\/index.php?rest_route=\/wp\/v2\/posts\/191763","targetHints":{"allow":["GET"]}}],"collection":[{"href":"https:\/\/demo.cicloturismo.it\/index.php?rest_route=\/wp\/v2\/posts"}],"about":[{"href":"https:\/\/demo.cicloturismo.it\/index.php?rest_route=\/wp\/v2\/types\/post"}],"author":[{"embeddable":true,"href":"https:\/\/demo.cicloturismo.it\/index.php?rest_route=\/wp\/v2\/users\/1"}],"replies":[{"embeddable":true,"href":"https:\/\/demo.cicloturismo.it\/index.php?rest_route=%2Fwp%2Fv2%2Fcomments&post=191763"}],"version-history":[{"count":0,"href":"https:\/\/demo.cicloturismo.it\/index.php?rest_route=\/wp\/v2\/posts\/191763\/revisions"}],"wp:featuredmedia":[{"embeddable":true,"href":"https:\/\/demo.cicloturismo.it\/index.php?rest_route=\/"}],"wp:attachment":[{"href":"https:\/\/demo.cicloturismo.it\/index.php?rest_route=%2Fwp%2Fv2%2Fmedia&parent=191763"}],"wp:term":[{"taxonomy":"category","embeddable":true,"href":"https:\/\/demo.cicloturismo.it\/index.php?rest_route=%2Fwp%2Fv2%2Fcategories&post=191763"},{"taxonomy":"post_tag","embeddable":true,"href":"https:\/\/demo.cicloturismo.it\/index.php?rest_route=%2Fwp%2Fv2%2Ftags&post=191763"}],"curies":[{"name":"wp","href":"https:\/\/api.w.org\/{rel}","templated":true}]}}