{"id":191778,"date":"2022-02-18T15:31:40","date_gmt":"2022-02-18T13:31:40","guid":{"rendered":"https:\/\/www.cicloturismo.it\/?p=191778"},"modified":"2022-02-18T15:31:40","modified_gmt":"2022-02-18T13:31:40","slug":"nuova-ciclabile-nella-citta-di-fiumicino-3","status":"publish","type":"post","link":"https:\/\/demo.cicloturismo.it\/?p=191778","title":{"rendered":"Nuova ciclabile nella citt\u00e0 di Fiumicino."},"content":{"rendered":"<p><a href=\"https:\/\/demo.cicloturismo.it\/nuova-ciclabile-nel-comune-di-castel-san-pietro-terme\/bicycle-path-g44e86b8d6_1280\/\" rel=\"attachment wp-att-191473\"><img decoding=\"async\" src=\"data:image\/svg+xml,%3Csvg%20xmlns%3D%27http%3A%2F%2Fwww.w3.org%2F2000%2Fsvg%27%20width%3D%27300%27%20height%3D%27200%27%20viewBox%3D%270%200%20300%20200%27%3E%3Crect%20width%3D%27300%27%20height%3D%27200%27%20fill-opacity%3D%220%22%2F%3E%3C%2Fsvg%3E\" data-orig-src=\"https:\/\/demo.cicloturismo.it\/wp-content\/uploads\/2022\/02\/bicycle-path-g44e86b8d6_1280-300x200.jpg\" alt=\"\" width=\"300\" height=\"200\" class=\"lazyload alignnone size-medium wp-image-191473\" \/><\/a><\/p>\n<p>Procedono spediti i lavori sulla nuova ciclabile urbana di Fregene . Sar\u00e0 terminati  nel mese di Aprile,si unir\u00e0 con l\u2019attuale pista che costeggia il lungomare, immettendosi nel tratto ciclabile del Villaggio dei pescatori, ed andr\u00e0 a collegarsi con viale di Porto, l\u2019arteria di collegamento con Maccarese. La nuova pista ciclabile passer\u00e0 vicino alla pineta monumentale di Fregene,luogo molto suggestivo .Una volta terminato questa ciclabile  la citt\u00e0 di Fiumicino  avr\u00e0 una rete ciclabile di 35 chilometri . <\/p>\n","protected":false},"excerpt":{"rendered":"<p>Procedono spediti i lavori sulla nuova ciclabile urbana di Fregene  [&#8230;]<\/p>\n","protected":false},"author":1,"featured_media":191473,"comment_status":"open","ping_status":"open","sticky":false,"template":"","format":"standard","meta":{"footnotes":""},"categories":[8],"tags":[],"class_list":["post-191778","post","type-post","status-publish","format-standard","has-post-thumbnail","hentry","category-news"],"_links":{"self":[{"href":"https:\/\/demo.cicloturismo.it\/index.php?rest_route=\/wp\/v2\/posts\/191778","targetHints":{"allow":["GET"]}}],"collection":[{"href":"https:\/\/demo.cicloturismo.it\/index.php?rest_route=\/wp\/v2\/posts"}],"about":[{"href":"https:\/\/demo.cicloturismo.it\/index.php?rest_route=\/wp\/v2\/types\/post"}],"author":[{"embeddable":true,"href":"https:\/\/demo.cicloturismo.it\/index.php?rest_route=\/wp\/v2\/users\/1"}],"replies":[{"embeddable":true,"href":"https:\/\/demo.cicloturismo.it\/index.php?rest_route=%2Fwp%2Fv2%2Fcomments&post=191778"}],"version-history":[{"count":0,"href":"https:\/\/demo.cicloturismo.it\/index.php?rest_route=\/wp\/v2\/posts\/191778\/revisions"}],"wp:featuredmedia":[{"embeddable":true,"href":"https:\/\/demo.cicloturismo.it\/index.php?rest_route=\/"}],"wp:attachment":[{"href":"https:\/\/demo.cicloturismo.it\/index.php?rest_route=%2Fwp%2Fv2%2Fmedia&parent=191778"}],"wp:term":[{"taxonomy":"category","embeddable":true,"href":"https:\/\/demo.cicloturismo.it\/index.php?rest_route=%2Fwp%2Fv2%2Fcategories&post=191778"},{"taxonomy":"post_tag","embeddable":true,"href":"https:\/\/demo.cicloturismo.it\/index.php?rest_route=%2Fwp%2Fv2%2Ftags&post=191778"}],"curies":[{"name":"wp","href":"https:\/\/api.w.org\/{rel}","templated":true}]}}