{"id":191850,"date":"2022-02-21T15:34:57","date_gmt":"2022-02-21T13:34:57","guid":{"rendered":"https:\/\/www.cicloturismo.it\/?p=191850"},"modified":"2022-02-21T15:34:57","modified_gmt":"2022-02-21T13:34:57","slug":"nuova-ciclabile-nel-comune-di-siniscola","status":"publish","type":"post","link":"https:\/\/demo.cicloturismo.it\/?p=191850","title":{"rendered":"Nuova ciclabile nel comune di Siniscola"},"content":{"rendered":"<p><a href=\"https:\/\/demo.cicloturismo.it\/nuova-ciclabile-nel-comune-di-siniscola\/way-gfd393b0f7_1280\/\" rel=\"attachment wp-att-191851\"><img decoding=\"async\" src=\"data:image\/svg+xml,%3Csvg%20xmlns%3D%27http%3A%2F%2Fwww.w3.org%2F2000%2Fsvg%27%20width%3D%27300%27%20height%3D%27200%27%20viewBox%3D%270%200%20300%20200%27%3E%3Crect%20width%3D%27300%27%20height%3D%27200%27%20fill-opacity%3D%220%22%2F%3E%3C%2Fsvg%3E\" data-orig-src=\"https:\/\/demo.cicloturismo.it\/wp-content\/uploads\/2022\/02\/way-gfd393b0f7_1280-300x200.jpg\" alt=\"\" width=\"300\" height=\"200\" class=\"lazyload alignnone size-medium wp-image-191851\" \/><\/a><br \/>\nL&#8217;amministrazione comunale di Siniscola ha dato il via libero al progetto definitivo della nuova ciclabile urbana . Secondo il progetto la nuova ciclabile partir\u00e0 da  Torp\u00e8 per poi proseguire in direzione della  marina di San Giovanni e si snoder\u00e0  lungo la costa di Siniscola sino alla borgata di Santa Lucia.La nuova ciclabile sar\u00e0 realizzata con fondi regionali.  <\/p>\n","protected":false},"excerpt":{"rendered":"<p>L&#8217;amministrazione comunale di Siniscola ha dato il via libero al  [&#8230;]<\/p>\n","protected":false},"author":1,"featured_media":191851,"comment_status":"open","ping_status":"open","sticky":false,"template":"","format":"standard","meta":{"footnotes":""},"categories":[8],"tags":[],"class_list":["post-191850","post","type-post","status-publish","format-standard","has-post-thumbnail","hentry","category-news"],"_links":{"self":[{"href":"https:\/\/demo.cicloturismo.it\/index.php?rest_route=\/wp\/v2\/posts\/191850","targetHints":{"allow":["GET"]}}],"collection":[{"href":"https:\/\/demo.cicloturismo.it\/index.php?rest_route=\/wp\/v2\/posts"}],"about":[{"href":"https:\/\/demo.cicloturismo.it\/index.php?rest_route=\/wp\/v2\/types\/post"}],"author":[{"embeddable":true,"href":"https:\/\/demo.cicloturismo.it\/index.php?rest_route=\/wp\/v2\/users\/1"}],"replies":[{"embeddable":true,"href":"https:\/\/demo.cicloturismo.it\/index.php?rest_route=%2Fwp%2Fv2%2Fcomments&post=191850"}],"version-history":[{"count":0,"href":"https:\/\/demo.cicloturismo.it\/index.php?rest_route=\/wp\/v2\/posts\/191850\/revisions"}],"wp:featuredmedia":[{"embeddable":true,"href":"https:\/\/demo.cicloturismo.it\/index.php?rest_route=\/"}],"wp:attachment":[{"href":"https:\/\/demo.cicloturismo.it\/index.php?rest_route=%2Fwp%2Fv2%2Fmedia&parent=191850"}],"wp:term":[{"taxonomy":"category","embeddable":true,"href":"https:\/\/demo.cicloturismo.it\/index.php?rest_route=%2Fwp%2Fv2%2Fcategories&post=191850"},{"taxonomy":"post_tag","embeddable":true,"href":"https:\/\/demo.cicloturismo.it\/index.php?rest_route=%2Fwp%2Fv2%2Ftags&post=191850"}],"curies":[{"name":"wp","href":"https:\/\/api.w.org\/{rel}","templated":true}]}}