{"id":191877,"date":"2022-02-22T15:38:02","date_gmt":"2022-02-22T13:38:02","guid":{"rendered":"https:\/\/www.cicloturismo.it\/?p=191877"},"modified":"2022-02-22T15:38:02","modified_gmt":"2022-02-22T13:38:02","slug":"nuova-ciclabile-nel-comune-di-ispra","status":"publish","type":"post","link":"https:\/\/demo.cicloturismo.it\/?p=191877","title":{"rendered":"Nuova ciclabile nel comune di Ispra."},"content":{"rendered":"<p> <a href=\"https:\/\/demo.cicloturismo.it\/nuova-ciclabile-nel-comune-di-ispra\/bike-path-gef0a5b55d_1920\/\" rel=\"attachment wp-att-191878\"><img decoding=\"async\" src=\"data:image\/svg+xml,%3Csvg%20xmlns%3D%27http%3A%2F%2Fwww.w3.org%2F2000%2Fsvg%27%20width%3D%27225%27%20height%3D%27300%27%20viewBox%3D%270%200%20225%20300%27%3E%3Crect%20width%3D%27225%27%20height%3D%27300%27%20fill-opacity%3D%220%22%2F%3E%3C%2Fsvg%3E\" data-orig-src=\"https:\/\/demo.cicloturismo.it\/wp-content\/uploads\/2022\/02\/bike-path-gef0a5b55d_1920-225x300.jpg\" alt=\"\" width=\"225\" height=\"300\" class=\"lazyload alignnone size-medium wp-image-191878\" \/><\/a><\/p>\n<p>Sono finalmente terminati i lavori di costruzione del primo tratto di pista ciclopedonale lungo via Varese a Ispra che collegher\u00e0 la zona Cascine al centro citt\u00e0 . I lavori sono stati realizzati dal Comune di Ispra con fondi  regionali , mentre il secondo lotto dei lavori verr\u00e0 invece finanziato con  fondi comunali.Il sindaco della citt\u00e0 Lombarda ,afferma che&#8221; Una volta terminati tutti lavori sia pedoni che  ciclisti avranno a disposizione un percorso pi\u00f9 sicuro per raggiungere il centro citt\u00e0&#8221;.  <\/p>\n","protected":false},"excerpt":{"rendered":"<p>Sono finalmente terminati i lavori di costruzione del primo tratto  [&#8230;]<\/p>\n","protected":false},"author":1,"featured_media":191878,"comment_status":"open","ping_status":"open","sticky":false,"template":"","format":"standard","meta":{"footnotes":""},"categories":[8],"tags":[],"class_list":["post-191877","post","type-post","status-publish","format-standard","has-post-thumbnail","hentry","category-news"],"_links":{"self":[{"href":"https:\/\/demo.cicloturismo.it\/index.php?rest_route=\/wp\/v2\/posts\/191877","targetHints":{"allow":["GET"]}}],"collection":[{"href":"https:\/\/demo.cicloturismo.it\/index.php?rest_route=\/wp\/v2\/posts"}],"about":[{"href":"https:\/\/demo.cicloturismo.it\/index.php?rest_route=\/wp\/v2\/types\/post"}],"author":[{"embeddable":true,"href":"https:\/\/demo.cicloturismo.it\/index.php?rest_route=\/wp\/v2\/users\/1"}],"replies":[{"embeddable":true,"href":"https:\/\/demo.cicloturismo.it\/index.php?rest_route=%2Fwp%2Fv2%2Fcomments&post=191877"}],"version-history":[{"count":0,"href":"https:\/\/demo.cicloturismo.it\/index.php?rest_route=\/wp\/v2\/posts\/191877\/revisions"}],"wp:featuredmedia":[{"embeddable":true,"href":"https:\/\/demo.cicloturismo.it\/index.php?rest_route=\/"}],"wp:attachment":[{"href":"https:\/\/demo.cicloturismo.it\/index.php?rest_route=%2Fwp%2Fv2%2Fmedia&parent=191877"}],"wp:term":[{"taxonomy":"category","embeddable":true,"href":"https:\/\/demo.cicloturismo.it\/index.php?rest_route=%2Fwp%2Fv2%2Fcategories&post=191877"},{"taxonomy":"post_tag","embeddable":true,"href":"https:\/\/demo.cicloturismo.it\/index.php?rest_route=%2Fwp%2Fv2%2Ftags&post=191877"}],"curies":[{"name":"wp","href":"https:\/\/api.w.org\/{rel}","templated":true}]}}