{"id":191926,"date":"2022-02-25T15:51:36","date_gmt":"2022-02-25T13:51:36","guid":{"rendered":"https:\/\/www.cicloturismo.it\/?p=191926"},"modified":"2022-02-25T15:51:36","modified_gmt":"2022-02-25T13:51:36","slug":"nuova-ciclabile-nel-comune-di-tivoli","status":"publish","type":"post","link":"https:\/\/demo.cicloturismo.it\/?p=191926","title":{"rendered":"Nuova ciclabile nel comune di Tivoli ."},"content":{"rendered":"<p><a href=\"https:\/\/demo.cicloturismo.it\/nuova-ciclabile-nel-comune-di-tivoli\/bike-path-g78fb0673b_1280\/\" rel=\"attachment wp-att-191927\"><img decoding=\"async\" src=\"data:image\/svg+xml,%3Csvg%20xmlns%3D%27http%3A%2F%2Fwww.w3.org%2F2000%2Fsvg%27%20width%3D%27300%27%20height%3D%27200%27%20viewBox%3D%270%200%20300%20200%27%3E%3Crect%20width%3D%27300%27%20height%3D%27200%27%20fill-opacity%3D%220%22%2F%3E%3C%2Fsvg%3E\" data-orig-src=\"https:\/\/demo.cicloturismo.it\/wp-content\/uploads\/2022\/02\/bike-path-g78fb0673b_1280-300x200.jpg\" alt=\"\" width=\"300\" height=\"200\" class=\"lazyload alignnone size-medium wp-image-191927\" \/><\/a><\/p>\n<p>L&#8217;amministrazione comunale di Tivoli ha approvato il progetto definitivo della ciclabile urbana , che sorger\u00e0 nell&#8217;area  di Villa Adriana . Secondo il progetto, il percorso della pista ciclabile si svilupper\u00e0 per una lunghezza di circa 2,780 km, si svilupper\u00e0 nei   seguenti tratti stradali: strada Pisoni, via del Tranvai, via di Villa Adriana, via Elio Adriano, via San Salvatore. La nuova ciclabile urbana avr\u00e0 un costo totale di 400mila euro . <\/p>\n","protected":false},"excerpt":{"rendered":"<p>L&#8217;amministrazione comunale di Tivoli ha approvato il progetto definitivo della  [&#8230;]<\/p>\n","protected":false},"author":1,"featured_media":191927,"comment_status":"open","ping_status":"open","sticky":false,"template":"","format":"standard","meta":{"footnotes":""},"categories":[8],"tags":[],"class_list":["post-191926","post","type-post","status-publish","format-standard","has-post-thumbnail","hentry","category-news"],"_links":{"self":[{"href":"https:\/\/demo.cicloturismo.it\/index.php?rest_route=\/wp\/v2\/posts\/191926","targetHints":{"allow":["GET"]}}],"collection":[{"href":"https:\/\/demo.cicloturismo.it\/index.php?rest_route=\/wp\/v2\/posts"}],"about":[{"href":"https:\/\/demo.cicloturismo.it\/index.php?rest_route=\/wp\/v2\/types\/post"}],"author":[{"embeddable":true,"href":"https:\/\/demo.cicloturismo.it\/index.php?rest_route=\/wp\/v2\/users\/1"}],"replies":[{"embeddable":true,"href":"https:\/\/demo.cicloturismo.it\/index.php?rest_route=%2Fwp%2Fv2%2Fcomments&post=191926"}],"version-history":[{"count":0,"href":"https:\/\/demo.cicloturismo.it\/index.php?rest_route=\/wp\/v2\/posts\/191926\/revisions"}],"wp:featuredmedia":[{"embeddable":true,"href":"https:\/\/demo.cicloturismo.it\/index.php?rest_route=\/"}],"wp:attachment":[{"href":"https:\/\/demo.cicloturismo.it\/index.php?rest_route=%2Fwp%2Fv2%2Fmedia&parent=191926"}],"wp:term":[{"taxonomy":"category","embeddable":true,"href":"https:\/\/demo.cicloturismo.it\/index.php?rest_route=%2Fwp%2Fv2%2Fcategories&post=191926"},{"taxonomy":"post_tag","embeddable":true,"href":"https:\/\/demo.cicloturismo.it\/index.php?rest_route=%2Fwp%2Fv2%2Ftags&post=191926"}],"curies":[{"name":"wp","href":"https:\/\/api.w.org\/{rel}","templated":true}]}}