{"id":191949,"date":"2022-02-27T16:06:45","date_gmt":"2022-02-27T14:06:45","guid":{"rendered":"https:\/\/www.cicloturismo.it\/?p=191949"},"modified":"2022-02-27T16:06:45","modified_gmt":"2022-02-27T14:06:45","slug":"la-ciclabile-solare","status":"publish","type":"post","link":"https:\/\/demo.cicloturismo.it\/?p=191949","title":{"rendered":"La ciclabile solare ."},"content":{"rendered":"<p><a href=\"https:\/\/demo.cicloturismo.it\/progettata-una-nuova-ciclabile-nella-citta-di-viareggio\/bicycle-g58786517d_1280\/\" rel=\"attachment wp-att-191505\"><img decoding=\"async\" src=\"data:image\/svg+xml,%3Csvg%20xmlns%3D%27http%3A%2F%2Fwww.w3.org%2F2000%2Fsvg%27%20width%3D%27300%27%20height%3D%27200%27%20viewBox%3D%270%200%20300%20200%27%3E%3Crect%20width%3D%27300%27%20height%3D%27200%27%20fill-opacity%3D%220%22%2F%3E%3C%2Fsvg%3E\" data-orig-src=\"https:\/\/demo.cicloturismo.it\/wp-content\/uploads\/2022\/02\/bicycle-g58786517d_1280-300x200.jpg\" alt=\"\" width=\"300\" height=\"200\" class=\"lazyload alignnone size-medium wp-image-191505\" \/><\/a><\/p>\n<p>Nella cittadina sarda di Villasimius, \u00e8 stata  realizzata la prima pista ciclabile a energia solare, il percorso sar\u00e0 lungo quattro chilometri che va dal centro citt\u00e0 al porto turistico.\u00a0 La pista ciclabile sar\u00e0 rivestita di pannelli fotovoltaici, sormontati da un lastra di vetro antiscivolo e sar\u00e0 perfettamente integrata in una struttura in acciaio sollevata. L&#8217;energia prodotta dai pannelli solari servir\u00e0 per la  illuminazione notturna della pista ciclabile. La prima pista ciclabile con pannelli fotovoltaici incorporati \u00e8 gi\u00e0  stata realizzata in Olanda precisamente ad Amsterdam, lunga circa 700 metri, produce l&#8217;energia elettrica per tre case.<\/p>\n","protected":false},"excerpt":{"rendered":"<p>Nella cittadina sarda di Villasimius, \u00e8 stata realizzata la prima  [&#8230;]<\/p>\n","protected":false},"author":1,"featured_media":191505,"comment_status":"open","ping_status":"open","sticky":false,"template":"","format":"standard","meta":{"footnotes":""},"categories":[8],"tags":[],"class_list":["post-191949","post","type-post","status-publish","format-standard","has-post-thumbnail","hentry","category-news"],"_links":{"self":[{"href":"https:\/\/demo.cicloturismo.it\/index.php?rest_route=\/wp\/v2\/posts\/191949","targetHints":{"allow":["GET"]}}],"collection":[{"href":"https:\/\/demo.cicloturismo.it\/index.php?rest_route=\/wp\/v2\/posts"}],"about":[{"href":"https:\/\/demo.cicloturismo.it\/index.php?rest_route=\/wp\/v2\/types\/post"}],"author":[{"embeddable":true,"href":"https:\/\/demo.cicloturismo.it\/index.php?rest_route=\/wp\/v2\/users\/1"}],"replies":[{"embeddable":true,"href":"https:\/\/demo.cicloturismo.it\/index.php?rest_route=%2Fwp%2Fv2%2Fcomments&post=191949"}],"version-history":[{"count":0,"href":"https:\/\/demo.cicloturismo.it\/index.php?rest_route=\/wp\/v2\/posts\/191949\/revisions"}],"wp:featuredmedia":[{"embeddable":true,"href":"https:\/\/demo.cicloturismo.it\/index.php?rest_route=\/"}],"wp:attachment":[{"href":"https:\/\/demo.cicloturismo.it\/index.php?rest_route=%2Fwp%2Fv2%2Fmedia&parent=191949"}],"wp:term":[{"taxonomy":"category","embeddable":true,"href":"https:\/\/demo.cicloturismo.it\/index.php?rest_route=%2Fwp%2Fv2%2Fcategories&post=191949"},{"taxonomy":"post_tag","embeddable":true,"href":"https:\/\/demo.cicloturismo.it\/index.php?rest_route=%2Fwp%2Fv2%2Ftags&post=191949"}],"curies":[{"name":"wp","href":"https:\/\/api.w.org\/{rel}","templated":true}]}}