{"id":192101,"date":"2022-03-08T16:22:05","date_gmt":"2022-03-08T14:22:05","guid":{"rendered":"https:\/\/www.cicloturismo.it\/?p=192101"},"modified":"2022-03-08T16:22:05","modified_gmt":"2022-03-08T14:22:05","slug":"bologna-attivo-un-nuovo-contatore-di-biciclette","status":"publish","type":"post","link":"https:\/\/demo.cicloturismo.it\/?p=192101","title":{"rendered":"Bologna, attivo un nuovo contatore di biciclette ."},"content":{"rendered":"<p><a href=\"https:\/\/demo.cicloturismo.it\/nuova-ciclabile-nel-comune-di-ispra\/bike-path-gef0a5b55d_1920\/\" rel=\"attachment wp-att-191878\"><img decoding=\"async\" src=\"data:image\/svg+xml,%3Csvg%20xmlns%3D%27http%3A%2F%2Fwww.w3.org%2F2000%2Fsvg%27%20width%3D%27225%27%20height%3D%27300%27%20viewBox%3D%270%200%20225%20300%27%3E%3Crect%20width%3D%27225%27%20height%3D%27300%27%20fill-opacity%3D%220%22%2F%3E%3C%2Fsvg%3E\" data-orig-src=\"https:\/\/demo.cicloturismo.it\/wp-content\/uploads\/2022\/02\/bike-path-gef0a5b55d_1920-225x300.jpg\" alt=\"\" width=\"225\" height=\"300\" class=\"lazyload alignnone size-medium wp-image-191878\" \/><\/a><br \/>\nQuest&#8217;oggi nella citt\u00e0 di Bologna \u00e8 stato installato il  quarto contattore  di biciclette, funzionante ventiquattro ore al giorno, \u00e8 stato posizionato   sulla ciclabile cittadina di Via Parri . Il nuovo dispositivo , si unisce a quelli gi\u00e0 posizionati nel 2018  in viale Ercolani e in via Sabotino, e nel 2019 in via San Donato angolo via Pirandello.<\/p>\n","protected":false},"excerpt":{"rendered":"<p>Quest&#8217;oggi nella citt\u00e0 di Bologna \u00e8 stato installato il quarto  [&#8230;]<\/p>\n","protected":false},"author":1,"featured_media":191878,"comment_status":"open","ping_status":"open","sticky":false,"template":"","format":"standard","meta":{"footnotes":""},"categories":[8],"tags":[],"class_list":["post-192101","post","type-post","status-publish","format-standard","has-post-thumbnail","hentry","category-news"],"_links":{"self":[{"href":"https:\/\/demo.cicloturismo.it\/index.php?rest_route=\/wp\/v2\/posts\/192101","targetHints":{"allow":["GET"]}}],"collection":[{"href":"https:\/\/demo.cicloturismo.it\/index.php?rest_route=\/wp\/v2\/posts"}],"about":[{"href":"https:\/\/demo.cicloturismo.it\/index.php?rest_route=\/wp\/v2\/types\/post"}],"author":[{"embeddable":true,"href":"https:\/\/demo.cicloturismo.it\/index.php?rest_route=\/wp\/v2\/users\/1"}],"replies":[{"embeddable":true,"href":"https:\/\/demo.cicloturismo.it\/index.php?rest_route=%2Fwp%2Fv2%2Fcomments&post=192101"}],"version-history":[{"count":0,"href":"https:\/\/demo.cicloturismo.it\/index.php?rest_route=\/wp\/v2\/posts\/192101\/revisions"}],"wp:featuredmedia":[{"embeddable":true,"href":"https:\/\/demo.cicloturismo.it\/index.php?rest_route=\/"}],"wp:attachment":[{"href":"https:\/\/demo.cicloturismo.it\/index.php?rest_route=%2Fwp%2Fv2%2Fmedia&parent=192101"}],"wp:term":[{"taxonomy":"category","embeddable":true,"href":"https:\/\/demo.cicloturismo.it\/index.php?rest_route=%2Fwp%2Fv2%2Fcategories&post=192101"},{"taxonomy":"post_tag","embeddable":true,"href":"https:\/\/demo.cicloturismo.it\/index.php?rest_route=%2Fwp%2Fv2%2Ftags&post=192101"}],"curies":[{"name":"wp","href":"https:\/\/api.w.org\/{rel}","templated":true}]}}