{"id":192293,"date":"2022-03-15T15:56:49","date_gmt":"2022-03-15T13:56:49","guid":{"rendered":"https:\/\/www.cicloturismo.it\/?p=192293"},"modified":"2022-03-15T15:56:49","modified_gmt":"2022-03-15T13:56:49","slug":"nuova-ciclabile-nel-comune-di-porto-san-giorgio-2","status":"publish","type":"post","link":"https:\/\/demo.cicloturismo.it\/?p=192293","title":{"rendered":"Nuova ciclabile nel comune di   Porto San Giorgio ."},"content":{"rendered":"<p><a href=\"https:\/\/demo.cicloturismo.it\/nuova-ciclabile-nel-comune-di-porto-san-giorgio-2\/cyclists-ga7f429248_1280\/\" rel=\"attachment wp-att-192294\"><img decoding=\"async\" src=\"data:image\/svg+xml,%3Csvg%20xmlns%3D%27http%3A%2F%2Fwww.w3.org%2F2000%2Fsvg%27%20width%3D%27300%27%20height%3D%27169%27%20viewBox%3D%270%200%20300%20169%27%3E%3Crect%20width%3D%27300%27%20height%3D%27169%27%20fill-opacity%3D%220%22%2F%3E%3C%2Fsvg%3E\" data-orig-src=\"https:\/\/demo.cicloturismo.it\/wp-content\/uploads\/2022\/03\/cyclists-ga7f429248_1280-300x169.jpg\" alt=\"\" width=\"300\" height=\"169\" class=\"lazyload alignnone size-medium wp-image-192294\" \/><\/a><\/p>\n<p>L&#8217;amministrazione comunale di Porto San Giorgio ha dato il via libera definitivo al progetto della nuova ciclabile urbana.Il progetto prevede di realizzare una ciclabile lunga tre chilometri, partir\u00e0 da via Marche per poi terminare  in prossimit\u00e0 di  piazza Bambinopoli. L&#8217;opera avr\u00e0 un costo totale di 173 mila euro , i lavori dovrebbero terminare entro la stagione estiva .  <\/p>\n","protected":false},"excerpt":{"rendered":"<p>L&#8217;amministrazione comunale di Porto San Giorgio ha dato il via  [&#8230;]<\/p>\n","protected":false},"author":1,"featured_media":192294,"comment_status":"open","ping_status":"open","sticky":false,"template":"","format":"standard","meta":{"footnotes":""},"categories":[8],"tags":[],"class_list":["post-192293","post","type-post","status-publish","format-standard","has-post-thumbnail","hentry","category-news"],"_links":{"self":[{"href":"https:\/\/demo.cicloturismo.it\/index.php?rest_route=\/wp\/v2\/posts\/192293","targetHints":{"allow":["GET"]}}],"collection":[{"href":"https:\/\/demo.cicloturismo.it\/index.php?rest_route=\/wp\/v2\/posts"}],"about":[{"href":"https:\/\/demo.cicloturismo.it\/index.php?rest_route=\/wp\/v2\/types\/post"}],"author":[{"embeddable":true,"href":"https:\/\/demo.cicloturismo.it\/index.php?rest_route=\/wp\/v2\/users\/1"}],"replies":[{"embeddable":true,"href":"https:\/\/demo.cicloturismo.it\/index.php?rest_route=%2Fwp%2Fv2%2Fcomments&post=192293"}],"version-history":[{"count":0,"href":"https:\/\/demo.cicloturismo.it\/index.php?rest_route=\/wp\/v2\/posts\/192293\/revisions"}],"wp:featuredmedia":[{"embeddable":true,"href":"https:\/\/demo.cicloturismo.it\/index.php?rest_route=\/"}],"wp:attachment":[{"href":"https:\/\/demo.cicloturismo.it\/index.php?rest_route=%2Fwp%2Fv2%2Fmedia&parent=192293"}],"wp:term":[{"taxonomy":"category","embeddable":true,"href":"https:\/\/demo.cicloturismo.it\/index.php?rest_route=%2Fwp%2Fv2%2Fcategories&post=192293"},{"taxonomy":"post_tag","embeddable":true,"href":"https:\/\/demo.cicloturismo.it\/index.php?rest_route=%2Fwp%2Fv2%2Ftags&post=192293"}],"curies":[{"name":"wp","href":"https:\/\/api.w.org\/{rel}","templated":true}]}}