{"id":192635,"date":"2022-04-03T14:57:32","date_gmt":"2022-04-03T12:57:32","guid":{"rendered":"https:\/\/www.cicloturismo.it\/?p=192635"},"modified":"2022-04-03T14:57:32","modified_gmt":"2022-04-03T12:57:32","slug":"inaugurata-una-nuova-ciclabile-nella-citta-di-porto-ceresio","status":"publish","type":"post","link":"https:\/\/demo.cicloturismo.it\/?p=192635","title":{"rendered":"Inaugurata una nuova ciclabile nella citt\u00e0 di Porto Ceresio"},"content":{"rendered":"<p><a href=\"https:\/\/demo.cicloturismo.it\/inaugurata-una-nuova-ciclabile-nella-citta-di-porto-ceresio\/bicyclists-g5d1d54afd_1280\/\" rel=\"attachment wp-att-192636\"><img decoding=\"async\" src=\"data:image\/svg+xml,%3Csvg%20xmlns%3D%27http%3A%2F%2Fwww.w3.org%2F2000%2Fsvg%27%20width%3D%27300%27%20height%3D%27200%27%20viewBox%3D%270%200%20300%20200%27%3E%3Crect%20width%3D%27300%27%20height%3D%27200%27%20fill-opacity%3D%220%22%2F%3E%3C%2Fsvg%3E\" data-orig-src=\"https:\/\/demo.cicloturismo.it\/wp-content\/uploads\/2022\/04\/bicyclists-g5d1d54afd_1280-300x200.jpg\" alt=\"\" width=\"300\" height=\"200\" class=\"lazyload alignnone size-medium wp-image-192636\" \/><\/a><\/p>\n<p>Questa mattina nella citt\u00e0 di Porto Ceresio \u00e8 stato inaugurato il primo tratto di ciclabile  che collega Porto Ceresio a Besano. Il tratto appena inaugurato \u00e8 lungo 900 metri.Al taglio del nastro erano presenti   gli amministratori della Valceresio, insieme ai rappresentanti della Comunit\u00e0 montana del Piambello e al presidente della Camera di Commercio di Varese, consiglieri regionali e provinciali ma anche Carabinieri e Guardia di Finanza.<\/p>\n","protected":false},"excerpt":{"rendered":"<p>Questa mattina nella citt\u00e0 di Porto Ceresio \u00e8 stato inaugurato  [&#8230;]<\/p>\n","protected":false},"author":1,"featured_media":192636,"comment_status":"open","ping_status":"open","sticky":false,"template":"","format":"standard","meta":{"footnotes":""},"categories":[8],"tags":[],"class_list":["post-192635","post","type-post","status-publish","format-standard","has-post-thumbnail","hentry","category-news"],"_links":{"self":[{"href":"https:\/\/demo.cicloturismo.it\/index.php?rest_route=\/wp\/v2\/posts\/192635","targetHints":{"allow":["GET"]}}],"collection":[{"href":"https:\/\/demo.cicloturismo.it\/index.php?rest_route=\/wp\/v2\/posts"}],"about":[{"href":"https:\/\/demo.cicloturismo.it\/index.php?rest_route=\/wp\/v2\/types\/post"}],"author":[{"embeddable":true,"href":"https:\/\/demo.cicloturismo.it\/index.php?rest_route=\/wp\/v2\/users\/1"}],"replies":[{"embeddable":true,"href":"https:\/\/demo.cicloturismo.it\/index.php?rest_route=%2Fwp%2Fv2%2Fcomments&post=192635"}],"version-history":[{"count":0,"href":"https:\/\/demo.cicloturismo.it\/index.php?rest_route=\/wp\/v2\/posts\/192635\/revisions"}],"wp:featuredmedia":[{"embeddable":true,"href":"https:\/\/demo.cicloturismo.it\/index.php?rest_route=\/"}],"wp:attachment":[{"href":"https:\/\/demo.cicloturismo.it\/index.php?rest_route=%2Fwp%2Fv2%2Fmedia&parent=192635"}],"wp:term":[{"taxonomy":"category","embeddable":true,"href":"https:\/\/demo.cicloturismo.it\/index.php?rest_route=%2Fwp%2Fv2%2Fcategories&post=192635"},{"taxonomy":"post_tag","embeddable":true,"href":"https:\/\/demo.cicloturismo.it\/index.php?rest_route=%2Fwp%2Fv2%2Ftags&post=192635"}],"curies":[{"name":"wp","href":"https:\/\/api.w.org\/{rel}","templated":true}]}}