{"id":192648,"date":"2022-04-04T14:56:08","date_gmt":"2022-04-04T12:56:08","guid":{"rendered":"https:\/\/www.cicloturismo.it\/?p=192648"},"modified":"2022-04-04T14:56:08","modified_gmt":"2022-04-04T12:56:08","slug":"nuova-ciclabile-nella-val-mesolcina","status":"publish","type":"post","link":"https:\/\/demo.cicloturismo.it\/?p=192648","title":{"rendered":"Nuova ciclabile nella Val Mesolcina."},"content":{"rendered":"<p><a href=\"https:\/\/demo.cicloturismo.it\/nuova-ciclabile-nella-val-mesolcina\/road-bike-g4adf07d20_1280\/\" rel=\"attachment wp-att-192649\"><img decoding=\"async\" src=\"data:image\/svg+xml,%3Csvg%20xmlns%3D%27http%3A%2F%2Fwww.w3.org%2F2000%2Fsvg%27%20width%3D%27300%27%20height%3D%27200%27%20viewBox%3D%270%200%20300%20200%27%3E%3Crect%20width%3D%27300%27%20height%3D%27200%27%20fill-opacity%3D%220%22%2F%3E%3C%2Fsvg%3E\" data-orig-src=\"https:\/\/demo.cicloturismo.it\/wp-content\/uploads\/2022\/04\/road-bike-g4adf07d20_1280-300x200.jpg\" alt=\"\" width=\"300\" height=\"200\" class=\"lazyload alignnone size-medium wp-image-192649\" \/><\/a><br \/>\nLuned\u00ec prossimo inizieranno ufficializzate  i lavori per la realizzazione della nuova pista ciclabile della bassa Mesolcina. Secondo le prime stime il cantiere  durer\u00e0 ben sette mesi, avr\u00e0 un costo totale di   4,6 milioni di franchi. La ciclabile sar\u00e0 lunga ben sei chilometri, si collegher\u00e0 inoltre al tracciato che verr\u00e0 creato tra la stazione FFS di Castione ed il paese di Lumino. <\/p>\n","protected":false},"excerpt":{"rendered":"<p>Luned\u00ec prossimo inizieranno ufficializzate i lavori per la realizzazione della  [&#8230;]<\/p>\n","protected":false},"author":1,"featured_media":192649,"comment_status":"open","ping_status":"open","sticky":false,"template":"","format":"standard","meta":{"footnotes":""},"categories":[8],"tags":[],"class_list":["post-192648","post","type-post","status-publish","format-standard","has-post-thumbnail","hentry","category-news"],"_links":{"self":[{"href":"https:\/\/demo.cicloturismo.it\/index.php?rest_route=\/wp\/v2\/posts\/192648","targetHints":{"allow":["GET"]}}],"collection":[{"href":"https:\/\/demo.cicloturismo.it\/index.php?rest_route=\/wp\/v2\/posts"}],"about":[{"href":"https:\/\/demo.cicloturismo.it\/index.php?rest_route=\/wp\/v2\/types\/post"}],"author":[{"embeddable":true,"href":"https:\/\/demo.cicloturismo.it\/index.php?rest_route=\/wp\/v2\/users\/1"}],"replies":[{"embeddable":true,"href":"https:\/\/demo.cicloturismo.it\/index.php?rest_route=%2Fwp%2Fv2%2Fcomments&post=192648"}],"version-history":[{"count":0,"href":"https:\/\/demo.cicloturismo.it\/index.php?rest_route=\/wp\/v2\/posts\/192648\/revisions"}],"wp:featuredmedia":[{"embeddable":true,"href":"https:\/\/demo.cicloturismo.it\/index.php?rest_route=\/"}],"wp:attachment":[{"href":"https:\/\/demo.cicloturismo.it\/index.php?rest_route=%2Fwp%2Fv2%2Fmedia&parent=192648"}],"wp:term":[{"taxonomy":"category","embeddable":true,"href":"https:\/\/demo.cicloturismo.it\/index.php?rest_route=%2Fwp%2Fv2%2Fcategories&post=192648"},{"taxonomy":"post_tag","embeddable":true,"href":"https:\/\/demo.cicloturismo.it\/index.php?rest_route=%2Fwp%2Fv2%2Ftags&post=192648"}],"curies":[{"name":"wp","href":"https:\/\/api.w.org\/{rel}","templated":true}]}}