{"id":192724,"date":"2022-04-07T14:55:20","date_gmt":"2022-04-07T12:55:20","guid":{"rendered":"https:\/\/www.cicloturismo.it\/?p=192724"},"modified":"2022-04-07T14:55:20","modified_gmt":"2022-04-07T12:55:20","slug":"nuova-ciclabile-nella-citta-di-fucecchio","status":"publish","type":"post","link":"https:\/\/demo.cicloturismo.it\/?p=192724","title":{"rendered":"Nuova ciclabile nella citt\u00e0 di Fucecchio"},"content":{"rendered":"<p><a href=\"https:\/\/demo.cicloturismo.it\/nuova-ciclabile-nella-citta-di-fucecchio\/mountain-bike-g980d2d91c_1280\/\" rel=\"attachment wp-att-192725\"><img decoding=\"async\" src=\"data:image\/svg+xml,%3Csvg%20xmlns%3D%27http%3A%2F%2Fwww.w3.org%2F2000%2Fsvg%27%20width%3D%27300%27%20height%3D%27210%27%20viewBox%3D%270%200%20300%20210%27%3E%3Crect%20width%3D%27300%27%20height%3D%27210%27%20fill-opacity%3D%220%22%2F%3E%3C%2Fsvg%3E\" data-orig-src=\"https:\/\/demo.cicloturismo.it\/wp-content\/uploads\/2022\/04\/mountain-bike-g980d2d91c_1280-300x210.jpg\" alt=\"\" width=\"300\" height=\"210\" class=\"lazyload alignnone size-medium wp-image-192725\" \/><\/a><br \/>\nL&#8217;amministrazione comunale di Fucecchio ha approvato il progetto di fattibilit\u00e0 per la realizzazione di un  percorso ciclabile che collegher\u00e0 Fucecchio con la frazione de La Torre. L&#8217;opera avr\u00e0 un costo totale di 5 milioni di euro. Il progetto si inserisce nel piano green del comune , che prevede la costruzioni di diverse ciclabile cittadine , il collegamento tra la Rotatoria della Ferruzza e la Ciclopista dell\u2019Arno, zona Via Roma, ed il collegamento della frazione di Torre e dell\u2019area del Padule di Fucecchio sempre con Piazza della Ferruzza.<\/p>\n","protected":false},"excerpt":{"rendered":"<p>L&#8217;amministrazione comunale di Fucecchio ha approvato il progetto di fattibilit\u00e0  [&#8230;]<\/p>\n","protected":false},"author":1,"featured_media":192725,"comment_status":"open","ping_status":"open","sticky":false,"template":"","format":"standard","meta":{"footnotes":""},"categories":[8],"tags":[],"class_list":["post-192724","post","type-post","status-publish","format-standard","has-post-thumbnail","hentry","category-news"],"_links":{"self":[{"href":"https:\/\/demo.cicloturismo.it\/index.php?rest_route=\/wp\/v2\/posts\/192724","targetHints":{"allow":["GET"]}}],"collection":[{"href":"https:\/\/demo.cicloturismo.it\/index.php?rest_route=\/wp\/v2\/posts"}],"about":[{"href":"https:\/\/demo.cicloturismo.it\/index.php?rest_route=\/wp\/v2\/types\/post"}],"author":[{"embeddable":true,"href":"https:\/\/demo.cicloturismo.it\/index.php?rest_route=\/wp\/v2\/users\/1"}],"replies":[{"embeddable":true,"href":"https:\/\/demo.cicloturismo.it\/index.php?rest_route=%2Fwp%2Fv2%2Fcomments&post=192724"}],"version-history":[{"count":0,"href":"https:\/\/demo.cicloturismo.it\/index.php?rest_route=\/wp\/v2\/posts\/192724\/revisions"}],"wp:featuredmedia":[{"embeddable":true,"href":"https:\/\/demo.cicloturismo.it\/index.php?rest_route=\/"}],"wp:attachment":[{"href":"https:\/\/demo.cicloturismo.it\/index.php?rest_route=%2Fwp%2Fv2%2Fmedia&parent=192724"}],"wp:term":[{"taxonomy":"category","embeddable":true,"href":"https:\/\/demo.cicloturismo.it\/index.php?rest_route=%2Fwp%2Fv2%2Fcategories&post=192724"},{"taxonomy":"post_tag","embeddable":true,"href":"https:\/\/demo.cicloturismo.it\/index.php?rest_route=%2Fwp%2Fv2%2Ftags&post=192724"}],"curies":[{"name":"wp","href":"https:\/\/api.w.org\/{rel}","templated":true}]}}