{"id":192881,"date":"2022-04-14T14:26:52","date_gmt":"2022-04-14T12:26:52","guid":{"rendered":"https:\/\/www.cicloturismo.it\/?p=192881"},"modified":"2022-04-14T14:26:52","modified_gmt":"2022-04-14T12:26:52","slug":"nuova-ciclabile-nel-comune-di-rimini","status":"publish","type":"post","link":"https:\/\/demo.cicloturismo.it\/?p=192881","title":{"rendered":"Nuova ciclabile nel comune di Rimini ."},"content":{"rendered":"<p><a href=\"https:\/\/demo.cicloturismo.it\/nuova-ciclabile-nel-comune-di-rimini\/bicycle-gf66dd73a7_1280\/\" rel=\"attachment wp-att-192882\"><img decoding=\"async\" src=\"data:image\/svg+xml,%3Csvg%20xmlns%3D%27http%3A%2F%2Fwww.w3.org%2F2000%2Fsvg%27%20width%3D%27300%27%20height%3D%27200%27%20viewBox%3D%270%200%20300%20200%27%3E%3Crect%20width%3D%27300%27%20height%3D%27200%27%20fill-opacity%3D%220%22%2F%3E%3C%2Fsvg%3E\" data-orig-src=\"https:\/\/demo.cicloturismo.it\/wp-content\/uploads\/2022\/04\/bicycle-gf66dd73a7_1280-300x200.jpg\" alt=\"\" width=\"300\" height=\"200\" class=\"lazyload alignnone size-medium wp-image-192882\" \/><\/a><\/p>\n<p>In questi giorni partir\u00e0 la progettazione di fattibilit\u00e0, finalizzato alla realizzazione di una nuova ciclabile che consentir\u00e0 di collegare il villaggio San Martino con il quartiere Tombanuova. La nuova ciclabile sar\u00e0 lunga 2,5 chilometri, rappresenter\u00e0  il prolungamento della ciclabile gi\u00e0 esistente dal centro fino al villaggio San Martino. Grazie a questo prolungamento la ciclabile  consentir\u00e0 di unire la zona di Tombanova al centro citt\u00e0, con un&#8217;unica pista ciclabile.<\/p>\n","protected":false},"excerpt":{"rendered":"<p>In questi giorni partir\u00e0 la progettazione di fattibilit\u00e0, finalizzato alla  [&#8230;]<\/p>\n","protected":false},"author":1,"featured_media":192882,"comment_status":"open","ping_status":"open","sticky":false,"template":"","format":"standard","meta":{"footnotes":""},"categories":[8],"tags":[],"class_list":["post-192881","post","type-post","status-publish","format-standard","has-post-thumbnail","hentry","category-news"],"_links":{"self":[{"href":"https:\/\/demo.cicloturismo.it\/index.php?rest_route=\/wp\/v2\/posts\/192881","targetHints":{"allow":["GET"]}}],"collection":[{"href":"https:\/\/demo.cicloturismo.it\/index.php?rest_route=\/wp\/v2\/posts"}],"about":[{"href":"https:\/\/demo.cicloturismo.it\/index.php?rest_route=\/wp\/v2\/types\/post"}],"author":[{"embeddable":true,"href":"https:\/\/demo.cicloturismo.it\/index.php?rest_route=\/wp\/v2\/users\/1"}],"replies":[{"embeddable":true,"href":"https:\/\/demo.cicloturismo.it\/index.php?rest_route=%2Fwp%2Fv2%2Fcomments&post=192881"}],"version-history":[{"count":0,"href":"https:\/\/demo.cicloturismo.it\/index.php?rest_route=\/wp\/v2\/posts\/192881\/revisions"}],"wp:featuredmedia":[{"embeddable":true,"href":"https:\/\/demo.cicloturismo.it\/index.php?rest_route=\/"}],"wp:attachment":[{"href":"https:\/\/demo.cicloturismo.it\/index.php?rest_route=%2Fwp%2Fv2%2Fmedia&parent=192881"}],"wp:term":[{"taxonomy":"category","embeddable":true,"href":"https:\/\/demo.cicloturismo.it\/index.php?rest_route=%2Fwp%2Fv2%2Fcategories&post=192881"},{"taxonomy":"post_tag","embeddable":true,"href":"https:\/\/demo.cicloturismo.it\/index.php?rest_route=%2Fwp%2Fv2%2Ftags&post=192881"}],"curies":[{"name":"wp","href":"https:\/\/api.w.org\/{rel}","templated":true}]}}