{"id":193007,"date":"2022-04-19T14:58:07","date_gmt":"2022-04-19T12:58:07","guid":{"rendered":"https:\/\/www.cicloturismo.it\/?p=193007"},"modified":"2022-04-19T14:58:07","modified_gmt":"2022-04-19T12:58:07","slug":"nuova-ciclabile-nel-comune-di-vallecrosia","status":"publish","type":"post","link":"https:\/\/demo.cicloturismo.it\/?p=193007","title":{"rendered":"Nuova ciclabile nel comune di  Vallecrosia"},"content":{"rendered":"<p><a href=\"https:\/\/demo.cicloturismo.it\/nuova-ciclabile-nel-comune-di-vallecrosia\/to-go-biking-gf7b0d7fe0_1280\/\" rel=\"attachment wp-att-193008\"><img decoding=\"async\" src=\"data:image\/svg+xml,%3Csvg%20xmlns%3D%27http%3A%2F%2Fwww.w3.org%2F2000%2Fsvg%27%20width%3D%27300%27%20height%3D%27200%27%20viewBox%3D%270%200%20300%20200%27%3E%3Crect%20width%3D%27300%27%20height%3D%27200%27%20fill-opacity%3D%220%22%2F%3E%3C%2Fsvg%3E\" data-orig-src=\"https:\/\/demo.cicloturismo.it\/wp-content\/uploads\/2022\/04\/to-go-biking-gf7b0d7fe0_1280-300x200.jpg\" alt=\"\" width=\"300\" height=\"200\" class=\"lazyload alignnone size-medium wp-image-193008\" \/><\/a><\/p>\n<p>Il comune di Vallecrosia ha ottenuto dal Regione Liguria  un finanziamento di  475mila euro, che servir\u00e0 per il   terzo lotto della pista ciclabile che rientra nel contesto del progetto pi\u00f9 ampio del waterfront . Prima della stagione estiva sar\u00e0 completato il lotto della ciclabile , che arriver\u00e0 fino  al ristorante  &#8220;Corallo&#8221; e venerd\u00ec scorso la Regione ha erogato un  finanziamento che permette di riqualificare ulteriormente il percorso ciclabile fino al Verbone. <\/p>\n","protected":false},"excerpt":{"rendered":"<p>Il comune di Vallecrosia ha ottenuto dal Regione Liguria un  [&#8230;]<\/p>\n","protected":false},"author":1,"featured_media":193008,"comment_status":"open","ping_status":"open","sticky":false,"template":"","format":"standard","meta":{"footnotes":""},"categories":[8],"tags":[],"class_list":["post-193007","post","type-post","status-publish","format-standard","has-post-thumbnail","hentry","category-news"],"_links":{"self":[{"href":"https:\/\/demo.cicloturismo.it\/index.php?rest_route=\/wp\/v2\/posts\/193007","targetHints":{"allow":["GET"]}}],"collection":[{"href":"https:\/\/demo.cicloturismo.it\/index.php?rest_route=\/wp\/v2\/posts"}],"about":[{"href":"https:\/\/demo.cicloturismo.it\/index.php?rest_route=\/wp\/v2\/types\/post"}],"author":[{"embeddable":true,"href":"https:\/\/demo.cicloturismo.it\/index.php?rest_route=\/wp\/v2\/users\/1"}],"replies":[{"embeddable":true,"href":"https:\/\/demo.cicloturismo.it\/index.php?rest_route=%2Fwp%2Fv2%2Fcomments&post=193007"}],"version-history":[{"count":0,"href":"https:\/\/demo.cicloturismo.it\/index.php?rest_route=\/wp\/v2\/posts\/193007\/revisions"}],"wp:featuredmedia":[{"embeddable":true,"href":"https:\/\/demo.cicloturismo.it\/index.php?rest_route=\/"}],"wp:attachment":[{"href":"https:\/\/demo.cicloturismo.it\/index.php?rest_route=%2Fwp%2Fv2%2Fmedia&parent=193007"}],"wp:term":[{"taxonomy":"category","embeddable":true,"href":"https:\/\/demo.cicloturismo.it\/index.php?rest_route=%2Fwp%2Fv2%2Fcategories&post=193007"},{"taxonomy":"post_tag","embeddable":true,"href":"https:\/\/demo.cicloturismo.it\/index.php?rest_route=%2Fwp%2Fv2%2Ftags&post=193007"}],"curies":[{"name":"wp","href":"https:\/\/api.w.org\/{rel}","templated":true}]}}