{"id":193034,"date":"2022-04-20T14:53:58","date_gmt":"2022-04-20T12:53:58","guid":{"rendered":"https:\/\/www.cicloturismo.it\/?p=193034"},"modified":"2022-04-20T14:53:58","modified_gmt":"2022-04-20T12:53:58","slug":"ciclista-tamponato-da-unauto","status":"publish","type":"post","link":"https:\/\/demo.cicloturismo.it\/?p=193034","title":{"rendered":"Ciclista tamponato da un&#8217;auto."},"content":{"rendered":"<p><a href=\"https:\/\/demo.cicloturismo.it\/cavriago-rubate-bici-per-500mila-euro\/cycling-gda9196aa2_1280\/\" rel=\"attachment wp-att-192699\"><img decoding=\"async\" src=\"data:image\/svg+xml,%3Csvg%20xmlns%3D%27http%3A%2F%2Fwww.w3.org%2F2000%2Fsvg%27%20width%3D%27300%27%20height%3D%27200%27%20viewBox%3D%270%200%20300%20200%27%3E%3Crect%20width%3D%27300%27%20height%3D%27200%27%20fill-opacity%3D%220%22%2F%3E%3C%2Fsvg%3E\" data-orig-src=\"https:\/\/demo.cicloturismo.it\/wp-content\/uploads\/2022\/04\/cycling-gda9196aa2_1280-300x200.jpg\" alt=\"\" width=\"300\" height=\"200\" class=\"lazyload alignnone size-medium wp-image-192699\" \/><\/a><br \/>\nIeri pomeriggio a Musile, si \u00e8 verificato un incidete stradale  mortale . A perdere la vita  \u00e8 stato un ciclista di 71 anni ,  che andava in bici lungo la strada che collega Musile a San Don\u00e0. Il ciclista \u00e8 stato tamponato da un&#8217;auto guidata da  un 83enne che procedeva nella stessa direzione di marcia del ciclista. Sul posto sono giunti immediatamente   i soccorsi del 118, ma purtroppo non c&#8217;\u00e8 stato nulla da fare . <\/p>\n","protected":false},"excerpt":{"rendered":"<p>Ieri pomeriggio a Musile, si \u00e8 verificato un incidete stradale  [&#8230;]<\/p>\n","protected":false},"author":1,"featured_media":192492,"comment_status":"open","ping_status":"open","sticky":false,"template":"","format":"standard","meta":{"footnotes":""},"categories":[8],"tags":[],"class_list":["post-193034","post","type-post","status-publish","format-standard","has-post-thumbnail","hentry","category-news"],"_links":{"self":[{"href":"https:\/\/demo.cicloturismo.it\/index.php?rest_route=\/wp\/v2\/posts\/193034","targetHints":{"allow":["GET"]}}],"collection":[{"href":"https:\/\/demo.cicloturismo.it\/index.php?rest_route=\/wp\/v2\/posts"}],"about":[{"href":"https:\/\/demo.cicloturismo.it\/index.php?rest_route=\/wp\/v2\/types\/post"}],"author":[{"embeddable":true,"href":"https:\/\/demo.cicloturismo.it\/index.php?rest_route=\/wp\/v2\/users\/1"}],"replies":[{"embeddable":true,"href":"https:\/\/demo.cicloturismo.it\/index.php?rest_route=%2Fwp%2Fv2%2Fcomments&post=193034"}],"version-history":[{"count":0,"href":"https:\/\/demo.cicloturismo.it\/index.php?rest_route=\/wp\/v2\/posts\/193034\/revisions"}],"wp:featuredmedia":[{"embeddable":true,"href":"https:\/\/demo.cicloturismo.it\/index.php?rest_route=\/"}],"wp:attachment":[{"href":"https:\/\/demo.cicloturismo.it\/index.php?rest_route=%2Fwp%2Fv2%2Fmedia&parent=193034"}],"wp:term":[{"taxonomy":"category","embeddable":true,"href":"https:\/\/demo.cicloturismo.it\/index.php?rest_route=%2Fwp%2Fv2%2Fcategories&post=193034"},{"taxonomy":"post_tag","embeddable":true,"href":"https:\/\/demo.cicloturismo.it\/index.php?rest_route=%2Fwp%2Fv2%2Ftags&post=193034"}],"curies":[{"name":"wp","href":"https:\/\/api.w.org\/{rel}","templated":true}]}}