{"id":193058,"date":"2022-04-21T14:43:32","date_gmt":"2022-04-21T12:43:32","guid":{"rendered":"https:\/\/www.cicloturismo.it\/?p=193058"},"modified":"2022-04-21T14:43:32","modified_gmt":"2022-04-21T12:43:32","slug":"nuova-ciclabile-tra-carpaneda-a-vicenza","status":"publish","type":"post","link":"https:\/\/demo.cicloturismo.it\/?p=193058","title":{"rendered":"Nuova ciclabile tra  Carpaneda a Vicenza"},"content":{"rendered":"<p><a href=\"https:\/\/demo.cicloturismo.it\/nuova-ciclabile-tra-carpaneda-a-vicenza\/saddle-g9a3f6210f_1280\/\" rel=\"attachment wp-att-193059\"><img decoding=\"async\" src=\"data:image\/svg+xml,%3Csvg%20xmlns%3D%27http%3A%2F%2Fwww.w3.org%2F2000%2Fsvg%27%20width%3D%27300%27%20height%3D%27200%27%20viewBox%3D%270%200%20300%20200%27%3E%3Crect%20width%3D%27300%27%20height%3D%27200%27%20fill-opacity%3D%220%22%2F%3E%3C%2Fsvg%3E\" data-orig-src=\"https:\/\/demo.cicloturismo.it\/wp-content\/uploads\/2022\/04\/saddle-g9a3f6210f_1280-300x200.jpg\" alt=\"\" width=\"300\" height=\"200\" class=\"lazyload alignnone size-medium wp-image-193059\" \/><\/a><\/p>\n<p>Entro quest&#8217;anno sar\u00e0 costruita una nuova via ciclabile che collegher\u00e0  Vicenza a Creazzo attraverso la  strada della Carpaneda. A dare questa notizia \u00e8 stato il vicesindaco con delega alla mobilit\u00e0 Matteo Celebron. Secondo il progetto la ciclabile si snoder\u00e0 interamente nel Comune di Vicenza per una lunghezza di  1.600 metri e sar\u00e0 in continuit\u00e0 con la pista ciclabile proveniente da Creazzo. Il precorso ciclabile si inserisce in un progetto pi\u00f9 ampio di completamento del collegamento ciclabile tra Vicenza e Montecchio Maggiore, assumendo una importanza molto rilevante , sia di tipo locale, per gli spostamenti pendolari casa-lavoro tra Creazzo .L&#8217;opera avr\u00e0 un costo totale 810 mila euro . <\/p>\n","protected":false},"excerpt":{"rendered":"<p>Entro quest&#8217;anno sar\u00e0 costruita una nuova via ciclabile che collegher\u00e0  [&#8230;]<\/p>\n","protected":false},"author":1,"featured_media":193059,"comment_status":"open","ping_status":"open","sticky":false,"template":"","format":"standard","meta":{"footnotes":""},"categories":[8],"tags":[],"class_list":["post-193058","post","type-post","status-publish","format-standard","has-post-thumbnail","hentry","category-news"],"_links":{"self":[{"href":"https:\/\/demo.cicloturismo.it\/index.php?rest_route=\/wp\/v2\/posts\/193058","targetHints":{"allow":["GET"]}}],"collection":[{"href":"https:\/\/demo.cicloturismo.it\/index.php?rest_route=\/wp\/v2\/posts"}],"about":[{"href":"https:\/\/demo.cicloturismo.it\/index.php?rest_route=\/wp\/v2\/types\/post"}],"author":[{"embeddable":true,"href":"https:\/\/demo.cicloturismo.it\/index.php?rest_route=\/wp\/v2\/users\/1"}],"replies":[{"embeddable":true,"href":"https:\/\/demo.cicloturismo.it\/index.php?rest_route=%2Fwp%2Fv2%2Fcomments&post=193058"}],"version-history":[{"count":0,"href":"https:\/\/demo.cicloturismo.it\/index.php?rest_route=\/wp\/v2\/posts\/193058\/revisions"}],"wp:featuredmedia":[{"embeddable":true,"href":"https:\/\/demo.cicloturismo.it\/index.php?rest_route=\/"}],"wp:attachment":[{"href":"https:\/\/demo.cicloturismo.it\/index.php?rest_route=%2Fwp%2Fv2%2Fmedia&parent=193058"}],"wp:term":[{"taxonomy":"category","embeddable":true,"href":"https:\/\/demo.cicloturismo.it\/index.php?rest_route=%2Fwp%2Fv2%2Fcategories&post=193058"},{"taxonomy":"post_tag","embeddable":true,"href":"https:\/\/demo.cicloturismo.it\/index.php?rest_route=%2Fwp%2Fv2%2Ftags&post=193058"}],"curies":[{"name":"wp","href":"https:\/\/api.w.org\/{rel}","templated":true}]}}