{"id":193169,"date":"2022-04-26T14:55:02","date_gmt":"2022-04-26T12:55:02","guid":{"rendered":"https:\/\/www.cicloturismo.it\/?p=193169"},"modified":"2022-04-26T14:55:02","modified_gmt":"2022-04-26T12:55:02","slug":"mestre-punta-sulla-bicicletta","status":"publish","type":"post","link":"https:\/\/demo.cicloturismo.it\/?p=193169","title":{"rendered":"Mestre punta sulla bicicletta"},"content":{"rendered":"<p> <a href=\"https:\/\/demo.cicloturismo.it\/mestre-punta-sulla-bicicletta\/silhouette-g0736087b1_1280\/\" rel=\"attachment wp-att-193170\"><img decoding=\"async\" src=\"data:image\/svg+xml,%3Csvg%20xmlns%3D%27http%3A%2F%2Fwww.w3.org%2F2000%2Fsvg%27%20width%3D%27300%27%20height%3D%27169%27%20viewBox%3D%270%200%20300%20169%27%3E%3Crect%20width%3D%27300%27%20height%3D%27169%27%20fill-opacity%3D%220%22%2F%3E%3C%2Fsvg%3E\" data-orig-src=\"https:\/\/demo.cicloturismo.it\/wp-content\/uploads\/2022\/04\/silhouette-g0736087b1_1280-300x169.jpg\" alt=\"\" width=\"300\" height=\"169\" class=\"lazyload alignnone size-medium wp-image-193170\" \/><\/a><br \/>\nLa citt\u00e0 di Mestre ha deciso di puntare sulla  biciclette per gli spostati quotidiani in citt\u00e0. Gi\u00e0 Ventisettemila utenti registrati con una media di 450 noleggi giornalieri e 165 stalli dedicati. La giunta comunale continua a puntare sulle biciclette  a noleggio. Per questo in questi giorni la giunta comunale ha deciso di porre un bando di gara per l\u2019affidamento del servizio a noleggio . <\/p>\n","protected":false},"excerpt":{"rendered":"<p>La citt\u00e0 di Mestre ha deciso di puntare sulla biciclette  [&#8230;]<\/p>\n","protected":false},"author":1,"featured_media":193170,"comment_status":"open","ping_status":"open","sticky":false,"template":"","format":"standard","meta":{"footnotes":""},"categories":[8],"tags":[],"class_list":["post-193169","post","type-post","status-publish","format-standard","has-post-thumbnail","hentry","category-news"],"_links":{"self":[{"href":"https:\/\/demo.cicloturismo.it\/index.php?rest_route=\/wp\/v2\/posts\/193169","targetHints":{"allow":["GET"]}}],"collection":[{"href":"https:\/\/demo.cicloturismo.it\/index.php?rest_route=\/wp\/v2\/posts"}],"about":[{"href":"https:\/\/demo.cicloturismo.it\/index.php?rest_route=\/wp\/v2\/types\/post"}],"author":[{"embeddable":true,"href":"https:\/\/demo.cicloturismo.it\/index.php?rest_route=\/wp\/v2\/users\/1"}],"replies":[{"embeddable":true,"href":"https:\/\/demo.cicloturismo.it\/index.php?rest_route=%2Fwp%2Fv2%2Fcomments&post=193169"}],"version-history":[{"count":0,"href":"https:\/\/demo.cicloturismo.it\/index.php?rest_route=\/wp\/v2\/posts\/193169\/revisions"}],"wp:featuredmedia":[{"embeddable":true,"href":"https:\/\/demo.cicloturismo.it\/index.php?rest_route=\/"}],"wp:attachment":[{"href":"https:\/\/demo.cicloturismo.it\/index.php?rest_route=%2Fwp%2Fv2%2Fmedia&parent=193169"}],"wp:term":[{"taxonomy":"category","embeddable":true,"href":"https:\/\/demo.cicloturismo.it\/index.php?rest_route=%2Fwp%2Fv2%2Fcategories&post=193169"},{"taxonomy":"post_tag","embeddable":true,"href":"https:\/\/demo.cicloturismo.it\/index.php?rest_route=%2Fwp%2Fv2%2Ftags&post=193169"}],"curies":[{"name":"wp","href":"https:\/\/api.w.org\/{rel}","templated":true}]}}