{"id":193240,"date":"2022-04-29T14:21:45","date_gmt":"2022-04-29T12:21:45","guid":{"rendered":"https:\/\/www.cicloturismo.it\/?p=193240"},"modified":"2022-04-29T14:21:45","modified_gmt":"2022-04-29T12:21:45","slug":"nuova-ciclabile-in-germania","status":"publish","type":"post","link":"https:\/\/demo.cicloturismo.it\/?p=193240","title":{"rendered":"Nuova ciclabile in Germania ."},"content":{"rendered":"<p><a href=\"https:\/\/demo.cicloturismo.it\/nuova-ciclabile-nel-comune-di-frosinone\/bicycle-gdee8bde83_1280\/\" rel=\"attachment wp-att-192839\"><img decoding=\"async\" src=\"data:image\/svg+xml,%3Csvg%20xmlns%3D%27http%3A%2F%2Fwww.w3.org%2F2000%2Fsvg%27%20width%3D%27300%27%20height%3D%27200%27%20viewBox%3D%270%200%20300%20200%27%3E%3Crect%20width%3D%27300%27%20height%3D%27200%27%20fill-opacity%3D%220%22%2F%3E%3C%2Fsvg%3E\" data-orig-src=\"https:\/\/demo.cicloturismo.it\/wp-content\/uploads\/2022\/04\/bicycle-gdee8bde83_1280-300x200.jpg\" alt=\"\" width=\"300\" height=\"200\" class=\"lazyload alignnone size-medium wp-image-192839\" \/><\/a><br \/>\nIn Germania verr\u00e0 costruita una pista ciclabile ad alta velocit\u00e0 che permetter\u00e0 ai  ciclisti della capitale tedesca di percorrere i 38 chilometri che vanno dalla frazione  di H\u00f6now sul Berliner Ring autostradale a Spandau, confine occidentale del Brandeburgo, passando per il quartiere Mitte, in poco  tempo . Il progetto \u00e8 stato chiamato &#8221; la nuova autostrada del clima di Berlino&#8221;. Secondo il progetto l&#8217;opera verr\u00e0 completata per il 2030 e coster\u00e0 58 milioni di euro. <\/p>\n","protected":false},"excerpt":{"rendered":"<p>In Germania verr\u00e0 costruita una pista ciclabile ad alta velocit\u00e0  [&#8230;]<\/p>\n","protected":false},"author":1,"featured_media":192839,"comment_status":"open","ping_status":"open","sticky":false,"template":"","format":"standard","meta":{"footnotes":""},"categories":[8],"tags":[],"class_list":["post-193240","post","type-post","status-publish","format-standard","has-post-thumbnail","hentry","category-news"],"_links":{"self":[{"href":"https:\/\/demo.cicloturismo.it\/index.php?rest_route=\/wp\/v2\/posts\/193240","targetHints":{"allow":["GET"]}}],"collection":[{"href":"https:\/\/demo.cicloturismo.it\/index.php?rest_route=\/wp\/v2\/posts"}],"about":[{"href":"https:\/\/demo.cicloturismo.it\/index.php?rest_route=\/wp\/v2\/types\/post"}],"author":[{"embeddable":true,"href":"https:\/\/demo.cicloturismo.it\/index.php?rest_route=\/wp\/v2\/users\/1"}],"replies":[{"embeddable":true,"href":"https:\/\/demo.cicloturismo.it\/index.php?rest_route=%2Fwp%2Fv2%2Fcomments&post=193240"}],"version-history":[{"count":0,"href":"https:\/\/demo.cicloturismo.it\/index.php?rest_route=\/wp\/v2\/posts\/193240\/revisions"}],"wp:featuredmedia":[{"embeddable":true,"href":"https:\/\/demo.cicloturismo.it\/index.php?rest_route=\/"}],"wp:attachment":[{"href":"https:\/\/demo.cicloturismo.it\/index.php?rest_route=%2Fwp%2Fv2%2Fmedia&parent=193240"}],"wp:term":[{"taxonomy":"category","embeddable":true,"href":"https:\/\/demo.cicloturismo.it\/index.php?rest_route=%2Fwp%2Fv2%2Fcategories&post=193240"},{"taxonomy":"post_tag","embeddable":true,"href":"https:\/\/demo.cicloturismo.it\/index.php?rest_route=%2Fwp%2Fv2%2Ftags&post=193240"}],"curies":[{"name":"wp","href":"https:\/\/api.w.org\/{rel}","templated":true}]}}