{"id":193319,"date":"2022-05-03T16:16:53","date_gmt":"2022-05-03T14:16:53","guid":{"rendered":"https:\/\/www.cicloturismo.it\/?p=193319"},"modified":"2022-05-03T16:16:53","modified_gmt":"2022-05-03T14:16:53","slug":"scontro-tra-un-ciclista-e-un-furgone","status":"publish","type":"post","link":"https:\/\/demo.cicloturismo.it\/?p=193319","title":{"rendered":"Scontro  tra un ciclista  e un furgone."},"content":{"rendered":"<p><a href=\"https:\/\/demo.cicloturismo.it\/urta-il-compagno-di-pedalata-con-la-ruota-trasportato-durgenza-per-trauma-cranico\/helicopter-g5f1a52e78_1280\/\" rel=\"attachment wp-att-192984\"><img decoding=\"async\" src=\"data:image\/svg+xml,%3Csvg%20xmlns%3D%27http%3A%2F%2Fwww.w3.org%2F2000%2Fsvg%27%20width%3D%27300%27%20height%3D%27200%27%20viewBox%3D%270%200%20300%20200%27%3E%3Crect%20width%3D%27300%27%20height%3D%27200%27%20fill-opacity%3D%220%22%2F%3E%3C%2Fsvg%3E\" data-orig-src=\"https:\/\/demo.cicloturismo.it\/wp-content\/uploads\/2022\/04\/helicopter-g5f1a52e78_1280-300x200.jpg\" alt=\"\" width=\"300\" height=\"200\" class=\"lazyload alignnone size-medium wp-image-192984\" \/><\/a><\/p>\n<p>Ieri pomeriggio  nella cittadina  di Arezzo  s\u00ec  \u00e8  verificato  un brutto  incidente  stradale che ha coinvolto un ciclista e un furgone.  L&#8217;impatto  \u00e8  stato  molto violento,  nel  quale il vetro posteriore del mezzo \u00e8 andato in frantumi. Ad avere la peggio \u00e8 stato il ciclista, un 45enne aretino, ha riportato alcune ferite.\u00a0Sul posto  sono immediatamente  intervenuti  i  soccorritori    del 118,  con  automedica, e ambulanza della Misericordia di Arezzo. Il ciclista  \u00e8  stato  trasportato  d&#8217;urgenza  all\u2019ospedale Le\u00a0 Scotte di Siena.<\/p>\n","protected":false},"excerpt":{"rendered":"<p>Ieri pomeriggio nella cittadina di Arezzo s\u00ec \u00e8 verificato un  [&#8230;]<\/p>\n","protected":false},"author":1,"featured_media":192984,"comment_status":"open","ping_status":"open","sticky":false,"template":"","format":"standard","meta":{"footnotes":""},"categories":[8],"tags":[],"class_list":["post-193319","post","type-post","status-publish","format-standard","has-post-thumbnail","hentry","category-news"],"_links":{"self":[{"href":"https:\/\/demo.cicloturismo.it\/index.php?rest_route=\/wp\/v2\/posts\/193319","targetHints":{"allow":["GET"]}}],"collection":[{"href":"https:\/\/demo.cicloturismo.it\/index.php?rest_route=\/wp\/v2\/posts"}],"about":[{"href":"https:\/\/demo.cicloturismo.it\/index.php?rest_route=\/wp\/v2\/types\/post"}],"author":[{"embeddable":true,"href":"https:\/\/demo.cicloturismo.it\/index.php?rest_route=\/wp\/v2\/users\/1"}],"replies":[{"embeddable":true,"href":"https:\/\/demo.cicloturismo.it\/index.php?rest_route=%2Fwp%2Fv2%2Fcomments&post=193319"}],"version-history":[{"count":0,"href":"https:\/\/demo.cicloturismo.it\/index.php?rest_route=\/wp\/v2\/posts\/193319\/revisions"}],"wp:featuredmedia":[{"embeddable":true,"href":"https:\/\/demo.cicloturismo.it\/index.php?rest_route=\/"}],"wp:attachment":[{"href":"https:\/\/demo.cicloturismo.it\/index.php?rest_route=%2Fwp%2Fv2%2Fmedia&parent=193319"}],"wp:term":[{"taxonomy":"category","embeddable":true,"href":"https:\/\/demo.cicloturismo.it\/index.php?rest_route=%2Fwp%2Fv2%2Fcategories&post=193319"},{"taxonomy":"post_tag","embeddable":true,"href":"https:\/\/demo.cicloturismo.it\/index.php?rest_route=%2Fwp%2Fv2%2Ftags&post=193319"}],"curies":[{"name":"wp","href":"https:\/\/api.w.org\/{rel}","templated":true}]}}