{"id":193464,"date":"2022-05-09T13:48:19","date_gmt":"2022-05-09T11:48:19","guid":{"rendered":"https:\/\/www.cicloturismo.it\/?p=193464"},"modified":"2022-05-09T13:48:19","modified_gmt":"2022-05-09T11:48:19","slug":"terminati-i-lavori-per-la-pista-ciclabile-di-capolona","status":"publish","type":"post","link":"https:\/\/demo.cicloturismo.it\/?p=193464","title":{"rendered":"Terminati i lavori per la pista ciclabile di Capolona."},"content":{"rendered":"<p><a href=\"https:\/\/demo.cicloturismo.it\/nuova-ciclabile-nel-comune-di-frosinone\/bicycle-gdee8bde83_1280\/\" rel=\"attachment wp-att-192839\"><img decoding=\"async\" src=\"data:image\/svg+xml,%3Csvg%20xmlns%3D%27http%3A%2F%2Fwww.w3.org%2F2000%2Fsvg%27%20width%3D%27300%27%20height%3D%27200%27%20viewBox%3D%270%200%20300%20200%27%3E%3Crect%20width%3D%27300%27%20height%3D%27200%27%20fill-opacity%3D%220%22%2F%3E%3C%2Fsvg%3E\" data-orig-src=\"https:\/\/demo.cicloturismo.it\/wp-content\/uploads\/2022\/04\/bicycle-gdee8bde83_1280-300x200.jpg\" alt=\"\" width=\"300\" height=\"200\" class=\"lazyload alignnone size-medium wp-image-192839\" \/><\/a><br \/>\nQuesta mattina si sono conclusi ufficialmente i lavori sulla pista ciclabile nel tratto che va da Castelluccio fino a Pieve a Sietina, sulla passerella di Giovi, nel comune di Capolona. La nuova pista appena realizzata costeggia l\u2019Arno ed e gi\u00e0 utilizzabile  dai ciclisti della zona . Il Sindaco Mario Francesconi, dichiara &#8221; La pista ciclabile \u00e8 un progetto a cui tenevamo molto come giunta comunale , il progetto \u00e8 stato portato avanti grazie  dall\u2019Unione dei Comuni del Casentino&#8221;.<\/p>\n","protected":false},"excerpt":{"rendered":"<p>Questa mattina si sono conclusi ufficialmente i lavori sulla pista  [&#8230;]<\/p>\n","protected":false},"author":1,"featured_media":192839,"comment_status":"open","ping_status":"open","sticky":false,"template":"","format":"standard","meta":{"footnotes":""},"categories":[8],"tags":[],"class_list":["post-193464","post","type-post","status-publish","format-standard","has-post-thumbnail","hentry","category-news"],"_links":{"self":[{"href":"https:\/\/demo.cicloturismo.it\/index.php?rest_route=\/wp\/v2\/posts\/193464","targetHints":{"allow":["GET"]}}],"collection":[{"href":"https:\/\/demo.cicloturismo.it\/index.php?rest_route=\/wp\/v2\/posts"}],"about":[{"href":"https:\/\/demo.cicloturismo.it\/index.php?rest_route=\/wp\/v2\/types\/post"}],"author":[{"embeddable":true,"href":"https:\/\/demo.cicloturismo.it\/index.php?rest_route=\/wp\/v2\/users\/1"}],"replies":[{"embeddable":true,"href":"https:\/\/demo.cicloturismo.it\/index.php?rest_route=%2Fwp%2Fv2%2Fcomments&post=193464"}],"version-history":[{"count":0,"href":"https:\/\/demo.cicloturismo.it\/index.php?rest_route=\/wp\/v2\/posts\/193464\/revisions"}],"wp:featuredmedia":[{"embeddable":true,"href":"https:\/\/demo.cicloturismo.it\/index.php?rest_route=\/"}],"wp:attachment":[{"href":"https:\/\/demo.cicloturismo.it\/index.php?rest_route=%2Fwp%2Fv2%2Fmedia&parent=193464"}],"wp:term":[{"taxonomy":"category","embeddable":true,"href":"https:\/\/demo.cicloturismo.it\/index.php?rest_route=%2Fwp%2Fv2%2Fcategories&post=193464"},{"taxonomy":"post_tag","embeddable":true,"href":"https:\/\/demo.cicloturismo.it\/index.php?rest_route=%2Fwp%2Fv2%2Ftags&post=193464"}],"curies":[{"name":"wp","href":"https:\/\/api.w.org\/{rel}","templated":true}]}}