{"id":193609,"date":"2022-05-14T16:09:45","date_gmt":"2022-05-14T14:09:45","guid":{"rendered":"https:\/\/www.cicloturismo.it\/?p=193609"},"modified":"2022-05-14T16:09:45","modified_gmt":"2022-05-14T14:09:45","slug":"nuova-ciclabile-nella-citta-di-chieti-2","status":"publish","type":"post","link":"https:\/\/demo.cicloturismo.it\/?p=193609","title":{"rendered":"Nuova ciclabile  nella  citt\u00e0 di  Chieti."},"content":{"rendered":"<p><a href=\"https:\/\/demo.cicloturismo.it\/nuova-ciclabile-nella-citta-di-chieti-2\/bike-1778717_1280-1-3\/\" rel=\"attachment wp-att-193611\"><img decoding=\"async\" src=\"data:image\/svg+xml,%3Csvg%20xmlns%3D%27http%3A%2F%2Fwww.w3.org%2F2000%2Fsvg%27%20width%3D%27300%27%20height%3D%27200%27%20viewBox%3D%270%200%20300%20200%27%3E%3Crect%20width%3D%27300%27%20height%3D%27200%27%20fill-opacity%3D%220%22%2F%3E%3C%2Fsvg%3E\" data-orig-src=\"https:\/\/demo.cicloturismo.it\/wp-content\/uploads\/2022\/05\/bike-1778717_1280-1-300x200.jpg\" alt=\"\" width=\"300\" height=\"200\" class=\"lazyload alignnone size-medium wp-image-193611\" \/><\/a><br \/>\nQuesta  mattina  nella citt\u00e0 di Chieti  sono iniziati  ufficialmente  i lavori per la realizzazione  di una nuova ciclabile cittadina.  La ciclabile  sorger\u00e0  in via Pescara  ,all&#8217;incrocio con via Teramo. L&#8217;intervento  \u00e8  stato finanziato  con fondi Por Fesr Abruzzo , per un totale di 365.500 euro. Il sindaco  della citt\u00e0  ha dichiarato  &#8220;Si tratta di un progetto molto importante per la citt\u00e0 , che una volta insediati abbiamo subito sollecitato, perch\u00e9 diventasse realt\u00e0, quello della\u00a0pista ciclopedonale di 4 chilometri di percorso che da via Amiterno arriva al campus universitario. I lavori sono partiti dal primo tratto di via Pescara, dove la pista si articoler\u00e0 sul marciapiede destro in direzione stadio, per passare, da progetto originario, sul lato sinistro della strada, sempre sul marciapiedi, in modo da agevolare al meglio la circolazione sulla via, passando anche su via Palizzi, via Bellini, via Caduti sul Lavoro,\u00a0via Amiterno e, infine, approdando allo stadio Angelini. Stiamo vagliando anche alcuni aggiustamenti, in nome di una maggiore sicurezza del transito di tutte le utenze, sia i pedoni, che i ciclisti e gli automobilisti, intervenendo anche su via Pescara&#8221;.<\/p>\n","protected":false},"excerpt":{"rendered":"<p>Questa mattina nella citt\u00e0 di Chieti sono iniziati ufficialmente i  [&#8230;]<\/p>\n","protected":false},"author":1,"featured_media":193611,"comment_status":"open","ping_status":"open","sticky":false,"template":"","format":"standard","meta":{"footnotes":""},"categories":[8],"tags":[],"class_list":["post-193609","post","type-post","status-publish","format-standard","has-post-thumbnail","hentry","category-news"],"_links":{"self":[{"href":"https:\/\/demo.cicloturismo.it\/index.php?rest_route=\/wp\/v2\/posts\/193609","targetHints":{"allow":["GET"]}}],"collection":[{"href":"https:\/\/demo.cicloturismo.it\/index.php?rest_route=\/wp\/v2\/posts"}],"about":[{"href":"https:\/\/demo.cicloturismo.it\/index.php?rest_route=\/wp\/v2\/types\/post"}],"author":[{"embeddable":true,"href":"https:\/\/demo.cicloturismo.it\/index.php?rest_route=\/wp\/v2\/users\/1"}],"replies":[{"embeddable":true,"href":"https:\/\/demo.cicloturismo.it\/index.php?rest_route=%2Fwp%2Fv2%2Fcomments&post=193609"}],"version-history":[{"count":0,"href":"https:\/\/demo.cicloturismo.it\/index.php?rest_route=\/wp\/v2\/posts\/193609\/revisions"}],"wp:featuredmedia":[{"embeddable":true,"href":"https:\/\/demo.cicloturismo.it\/index.php?rest_route=\/"}],"wp:attachment":[{"href":"https:\/\/demo.cicloturismo.it\/index.php?rest_route=%2Fwp%2Fv2%2Fmedia&parent=193609"}],"wp:term":[{"taxonomy":"category","embeddable":true,"href":"https:\/\/demo.cicloturismo.it\/index.php?rest_route=%2Fwp%2Fv2%2Fcategories&post=193609"},{"taxonomy":"post_tag","embeddable":true,"href":"https:\/\/demo.cicloturismo.it\/index.php?rest_route=%2Fwp%2Fv2%2Ftags&post=193609"}],"curies":[{"name":"wp","href":"https:\/\/api.w.org\/{rel}","templated":true}]}}