{"id":193723,"date":"2022-05-19T13:47:51","date_gmt":"2022-05-19T11:47:51","guid":{"rendered":"https:\/\/www.cicloturismo.it\/?p=193723"},"modified":"2022-05-19T13:47:51","modified_gmt":"2022-05-19T11:47:51","slug":"nuova-ciclabile-nel-comune-di-pozzuoli","status":"publish","type":"post","link":"https:\/\/demo.cicloturismo.it\/?p=193723","title":{"rendered":"Nuova ciclabile nel comune di Pozzuoli"},"content":{"rendered":"<p><a href=\"https:\/\/demo.cicloturismo.it\/nuova-ciclabile-nel-comune-di-pozzuoli\/leisure-time-g0c858ff91_1280-2\/\" rel=\"attachment wp-att-193724\"><img decoding=\"async\" src=\"data:image\/svg+xml,%3Csvg%20xmlns%3D%27http%3A%2F%2Fwww.w3.org%2F2000%2Fsvg%27%20width%3D%27300%27%20height%3D%27200%27%20viewBox%3D%270%200%20300%20200%27%3E%3Crect%20width%3D%27300%27%20height%3D%27200%27%20fill-opacity%3D%220%22%2F%3E%3C%2Fsvg%3E\" data-orig-src=\"https:\/\/demo.cicloturismo.it\/wp-content\/uploads\/2022\/05\/leisure-time-g0c858ff91_1280-300x200.jpg\" alt=\"\" width=\"300\" height=\"200\" class=\"lazyload alignnone size-medium wp-image-193724\" \/><\/a><br \/>\nQuesta mattina nella citt\u00e0 di Pozzuoli  \u00e8 stato inaugurata una nuova ciclabile cittadina , in  via Galdieri .La ciclabile far\u00e0 parte di una rete ciclabile cittadina che unir\u00e0 i vari  lotti di propriet\u00e0 comunale oggetti degli interventi di sistemazione delle aree ai fini agricoli che rientrano nell\u2019ambito del progetto. Al taglio del nastro erano presenti il sindaco Vincenzo Figliolia, dell\u2019assessore al Governo del Territorio Roberto Gerundo e dei concessionari MAC. <\/p>\n","protected":false},"excerpt":{"rendered":"<p>Questa mattina nella citt\u00e0 di Pozzuoli \u00e8 stato inaugurata una  [&#8230;]<\/p>\n","protected":false},"author":1,"featured_media":193724,"comment_status":"open","ping_status":"open","sticky":false,"template":"","format":"standard","meta":{"footnotes":""},"categories":[8],"tags":[],"class_list":["post-193723","post","type-post","status-publish","format-standard","has-post-thumbnail","hentry","category-news"],"_links":{"self":[{"href":"https:\/\/demo.cicloturismo.it\/index.php?rest_route=\/wp\/v2\/posts\/193723","targetHints":{"allow":["GET"]}}],"collection":[{"href":"https:\/\/demo.cicloturismo.it\/index.php?rest_route=\/wp\/v2\/posts"}],"about":[{"href":"https:\/\/demo.cicloturismo.it\/index.php?rest_route=\/wp\/v2\/types\/post"}],"author":[{"embeddable":true,"href":"https:\/\/demo.cicloturismo.it\/index.php?rest_route=\/wp\/v2\/users\/1"}],"replies":[{"embeddable":true,"href":"https:\/\/demo.cicloturismo.it\/index.php?rest_route=%2Fwp%2Fv2%2Fcomments&post=193723"}],"version-history":[{"count":0,"href":"https:\/\/demo.cicloturismo.it\/index.php?rest_route=\/wp\/v2\/posts\/193723\/revisions"}],"wp:featuredmedia":[{"embeddable":true,"href":"https:\/\/demo.cicloturismo.it\/index.php?rest_route=\/"}],"wp:attachment":[{"href":"https:\/\/demo.cicloturismo.it\/index.php?rest_route=%2Fwp%2Fv2%2Fmedia&parent=193723"}],"wp:term":[{"taxonomy":"category","embeddable":true,"href":"https:\/\/demo.cicloturismo.it\/index.php?rest_route=%2Fwp%2Fv2%2Fcategories&post=193723"},{"taxonomy":"post_tag","embeddable":true,"href":"https:\/\/demo.cicloturismo.it\/index.php?rest_route=%2Fwp%2Fv2%2Ftags&post=193723"}],"curies":[{"name":"wp","href":"https:\/\/api.w.org\/{rel}","templated":true}]}}