{"id":193821,"date":"2022-05-23T15:13:45","date_gmt":"2022-05-23T13:13:45","guid":{"rendered":"https:\/\/www.cicloturismo.it\/?p=193821"},"modified":"2022-05-23T15:13:45","modified_gmt":"2022-05-23T13:13:45","slug":"ciclista-di-52-anni-e-stato-colpito-da-un-malore-improvviso","status":"publish","type":"post","link":"https:\/\/demo.cicloturismo.it\/?p=193821","title":{"rendered":"Ciclista di 52 anni \u00e8 stato colpito da un malore improvviso ."},"content":{"rendered":"<p><a href=\"https:\/\/demo.cicloturismo.it\/ciclista-di-52-anni-e-stato-colpito-da-un-malore-improvviso\/helicopter-g9bf08d77c_1280\/\" rel=\"attachment wp-att-193822\"><img decoding=\"async\" src=\"data:image\/svg+xml,%3Csvg%20xmlns%3D%27http%3A%2F%2Fwww.w3.org%2F2000%2Fsvg%27%20width%3D%27300%27%20height%3D%27200%27%20viewBox%3D%270%200%20300%20200%27%3E%3Crect%20width%3D%27300%27%20height%3D%27200%27%20fill-opacity%3D%220%22%2F%3E%3C%2Fsvg%3E\" data-orig-src=\"https:\/\/demo.cicloturismo.it\/wp-content\/uploads\/2022\/05\/helicopter-g9bf08d77c_1280-300x200.jpg\" alt=\"\" width=\"300\" height=\"200\" class=\"lazyload alignnone size-medium wp-image-193822\" \/><\/a><br \/>\nUn cicloamatore di 52 anni che stava pedalando con un gruppo di amici lungo una  strada  della frazione di Biadene, \u00e8 stato colpito da un malore improvviso . I compagni di pedalata lo hanno visto perdere il controllo della bicicletta e cadere a terra. L&#8217;uomo era privo di sensi ed era in arresto cardiaco. Non hanno perso un secondo di tempo e hanno iniziato a praticare il massaggio cardiaco mentre nel frattempo uno di loro hanno chiamato il 118 . Dopo pochi minuti sul posto sono giunti i soccorritori del 118 , con  ambulanza e automedica. I sanitari sono riusciti a far ripartire il cuore .Vista la gravit\u00e0 , si era alzato in volo anche l&#8217;elicottero. Il ciclista \u00e8 stato cosi trasportato all&#8217;ospedale Ca&#8217; Foncello in codice rosso. \u00c8 stato ricoverato nel reparto di rianimazione . <\/p>\n","protected":false},"excerpt":{"rendered":"<p>Un cicloamatore di 52 anni che stava pedalando con un  [&#8230;]<\/p>\n","protected":false},"author":1,"featured_media":193822,"comment_status":"open","ping_status":"open","sticky":false,"template":"","format":"standard","meta":{"footnotes":""},"categories":[8],"tags":[],"class_list":["post-193821","post","type-post","status-publish","format-standard","has-post-thumbnail","hentry","category-news"],"_links":{"self":[{"href":"https:\/\/demo.cicloturismo.it\/index.php?rest_route=\/wp\/v2\/posts\/193821","targetHints":{"allow":["GET"]}}],"collection":[{"href":"https:\/\/demo.cicloturismo.it\/index.php?rest_route=\/wp\/v2\/posts"}],"about":[{"href":"https:\/\/demo.cicloturismo.it\/index.php?rest_route=\/wp\/v2\/types\/post"}],"author":[{"embeddable":true,"href":"https:\/\/demo.cicloturismo.it\/index.php?rest_route=\/wp\/v2\/users\/1"}],"replies":[{"embeddable":true,"href":"https:\/\/demo.cicloturismo.it\/index.php?rest_route=%2Fwp%2Fv2%2Fcomments&post=193821"}],"version-history":[{"count":0,"href":"https:\/\/demo.cicloturismo.it\/index.php?rest_route=\/wp\/v2\/posts\/193821\/revisions"}],"wp:featuredmedia":[{"embeddable":true,"href":"https:\/\/demo.cicloturismo.it\/index.php?rest_route=\/"}],"wp:attachment":[{"href":"https:\/\/demo.cicloturismo.it\/index.php?rest_route=%2Fwp%2Fv2%2Fmedia&parent=193821"}],"wp:term":[{"taxonomy":"category","embeddable":true,"href":"https:\/\/demo.cicloturismo.it\/index.php?rest_route=%2Fwp%2Fv2%2Fcategories&post=193821"},{"taxonomy":"post_tag","embeddable":true,"href":"https:\/\/demo.cicloturismo.it\/index.php?rest_route=%2Fwp%2Fv2%2Ftags&post=193821"}],"curies":[{"name":"wp","href":"https:\/\/api.w.org\/{rel}","templated":true}]}}