{"id":193836,"date":"2022-05-24T13:34:35","date_gmt":"2022-05-24T11:34:35","guid":{"rendered":"https:\/\/www.cicloturismo.it\/?p=193836"},"modified":"2022-05-24T13:34:35","modified_gmt":"2022-05-24T11:34:35","slug":"nuova-ciclabile-nel-comune-di-san-giuliano-terme","status":"publish","type":"post","link":"https:\/\/demo.cicloturismo.it\/?p=193836","title":{"rendered":"Nuova ciclabile nel comune di  San Giuliano Terme"},"content":{"rendered":"<p><a href=\"https:\/\/demo.cicloturismo.it\/nuova-ciclabile-nel-comune-di-san-giuliano-terme\/path-g694b3219d_1920\/\" rel=\"attachment wp-att-193837\"><img decoding=\"async\" src=\"data:image\/svg+xml,%3Csvg%20xmlns%3D%27http%3A%2F%2Fwww.w3.org%2F2000%2Fsvg%27%20width%3D%27200%27%20height%3D%27300%27%20viewBox%3D%270%200%20200%20300%27%3E%3Crect%20width%3D%27200%27%20height%3D%27300%27%20fill-opacity%3D%220%22%2F%3E%3C%2Fsvg%3E\" data-orig-src=\"https:\/\/demo.cicloturismo.it\/wp-content\/uploads\/2022\/05\/path-g694b3219d_1920-200x300.jpg\" alt=\"\" width=\"200\" height=\"300\" class=\"lazyload alignnone size-medium wp-image-193837\" \/><\/a><\/p>\n<p>Questa mattina nel comune di San Giuliano Terme sono partiti i lavori per la realizzazione della pista ciclabile  lungo via Goldoni, a Ghezzano, che collegher\u00e0 la SP2 Vicarese al percorso gi\u00e0 esistente lungo via dei Condotti.Con un investimento totale di 150 mila euro . La ciclabile misurer\u00e0  400 metri, il manto stradale sar\u00e0 realizzato da ghiaia fine, lo stesso materiale presente sul percorso esistente di via dei Condotti, al quale si collega. Sar\u00e0 realizzata anche una staccionata in legno  per rendere pi\u00f9 sicura la pista ciclabile .  <\/p>\n","protected":false},"excerpt":{"rendered":"<p>Questa mattina nel comune di San Giuliano Terme sono partiti  [&#8230;]<\/p>\n","protected":false},"author":1,"featured_media":193837,"comment_status":"open","ping_status":"open","sticky":false,"template":"","format":"standard","meta":{"footnotes":""},"categories":[8],"tags":[],"class_list":["post-193836","post","type-post","status-publish","format-standard","has-post-thumbnail","hentry","category-news"],"_links":{"self":[{"href":"https:\/\/demo.cicloturismo.it\/index.php?rest_route=\/wp\/v2\/posts\/193836","targetHints":{"allow":["GET"]}}],"collection":[{"href":"https:\/\/demo.cicloturismo.it\/index.php?rest_route=\/wp\/v2\/posts"}],"about":[{"href":"https:\/\/demo.cicloturismo.it\/index.php?rest_route=\/wp\/v2\/types\/post"}],"author":[{"embeddable":true,"href":"https:\/\/demo.cicloturismo.it\/index.php?rest_route=\/wp\/v2\/users\/1"}],"replies":[{"embeddable":true,"href":"https:\/\/demo.cicloturismo.it\/index.php?rest_route=%2Fwp%2Fv2%2Fcomments&post=193836"}],"version-history":[{"count":0,"href":"https:\/\/demo.cicloturismo.it\/index.php?rest_route=\/wp\/v2\/posts\/193836\/revisions"}],"wp:featuredmedia":[{"embeddable":true,"href":"https:\/\/demo.cicloturismo.it\/index.php?rest_route=\/"}],"wp:attachment":[{"href":"https:\/\/demo.cicloturismo.it\/index.php?rest_route=%2Fwp%2Fv2%2Fmedia&parent=193836"}],"wp:term":[{"taxonomy":"category","embeddable":true,"href":"https:\/\/demo.cicloturismo.it\/index.php?rest_route=%2Fwp%2Fv2%2Fcategories&post=193836"},{"taxonomy":"post_tag","embeddable":true,"href":"https:\/\/demo.cicloturismo.it\/index.php?rest_route=%2Fwp%2Fv2%2Ftags&post=193836"}],"curies":[{"name":"wp","href":"https:\/\/api.w.org\/{rel}","templated":true}]}}