{"id":193918,"date":"2022-05-27T09:21:59","date_gmt":"2022-05-27T07:21:59","guid":{"rendered":"https:\/\/www.cicloturismo.it\/?p=193918"},"modified":"2022-05-27T09:21:59","modified_gmt":"2022-05-27T07:21:59","slug":"cronoscalata-del-san-pellegrino-in-alpe-la-sfida-del-tuscany-extreme","status":"publish","type":"post","link":"https:\/\/demo.cicloturismo.it\/?p=193918","title":{"rendered":"Cronoscalata del San Pellegrino in Alpe: la sfida del Tuscany Extreme"},"content":{"rendered":"<p>[vc_row][vc_column][vc_column_text]Sabato 11 Giugno da Pescia (PT) ci sar\u00e0 \u00a0la partenza della 3\u00b0 edizione del Tuscany Extreme, 220km di strada lungo alcune delle pi\u00f9 belle zone della Toscana, una sfida per veri atleti all\u2019interno di una cicloturistica con ben 4 cronoscalate e ricchi premi per i tre atleti pi\u00f9 veloci di ogni ascesa. Nomi importanti e famosi: Lucese, Cipollaio, Benabbio, Abetone (questa non cronometrata), ma soprattutto San Pellegrino in Alpe, probabilmente la salita pi\u00f9 dura degli Appennini, non a caso il Giro d\u2019Italia ha solcato questa lunga striscia di asfalto per ben 3 volte (1989,1995 e 2000).<\/p>\n<p>San Pellegrino in Alpe \u00e8 un piccolo borgo che si trova esattamente a cavallo tra Emilia e Toscana, una terra di mezzo dove troviamo un famoso Santuraio, un ristorante e poche decine di abitanti, ma soprattutto una salita estrema per scalatori sprezzanti della fatica.<\/p>\n<p>1650 metri di dislivello totali lungo la strada che da Castelnuovo di Garfagnana comincia a salire gi\u00e0 18 km prima della vetta; i primi chilometri per\u00f2 sono dolci, leggere salite spezzate solo da un paio di tornanti fino a Pieve Fosciana. Da li per\u00f2 la musica cambia, l\u2019ascesa prosegue con una estenuante regolarit\u00e0 con almeno 9 chilometri con dislivelli tra il 9% ed il 12% che gi\u00e0 sarebbero sufficienti per classificare questa salita come una delle pi\u00f9 impegnative. Certo, il panorama fa da contraltare a tanta fatica con scorci che si aprano sulle Alpi Apuane e le strette valli sottostanti, ma il peggio deve sempre arrivare e giunti a soli 2,5 chilometri dalla vetta la salita si trasforma in una gara contro la forza di gravit\u00e0 con le pendenze che diventano stabilmente superiori al 15% con punte al 20% con quella dell\u2019ultimo tornante che precede l\u2019arrivo al Borgo di San Pellegrino in Alpe.<\/p>\n<p>Terminata la cronoscalata, per chi lo desidera c\u2019\u00e8 la possibilit\u00e0 di scendere un attimo dalla bicicletta ed entrare nella Taverna del Pellegrino e richiedere il certificato di merito per aver superato questa ardua ascesa.<\/p>\n<p>Come dicevamo, il San Pellegrino in Alpe non sar\u00e0 che la terza cronoscalata della Tuscany Extreme e certo non sar\u00e0 l\u2019ultima: il passo dell\u2019Abetone (non cronometrato ma comunque tracciato dai sensori per registrare il passaggio) e Benabbio con ancora 700 metri di dislivello saranno ancora due sfide importanti per le gambe gi\u00e0 stanche dall\u2019incontro con Sua Maest\u00e0 San Pellegrino in Alpe.<\/p>\n<p>Siete pronti per questa sfida? Se pensi di essere all\u2019altezza della Tuscany Extreme non ti resta che registrarti su ENDU &#8211; <a href=\"https:\/\/join.endu.net\/fee\/74171\">https:\/\/join.endu.net\/fee\/74171<\/a> &#8211; oppure visitare il sito web ufficiale della manifestazione dove potrai trovare tutte le informazioni &#8211; <a href=\"https:\/\/tuscanyextreme.it\/\">https:\/\/tuscanyextreme.it\/<\/a>[\/vc_column_text][vc_empty_space][vc_gallery interval=&#8221;3&#8243; images=&#8221;193920,193921,193922,193923,193924,193925,193926&#8243; img_size=&#8221;full&#8221;][\/vc_column][\/vc_row]<\/p>\n","protected":false},"excerpt":{"rendered":"<p>[vc_row][vc_column][vc_column_text]Sabato 11 Giugno da Pescia (PT) ci sar\u00e0 \u00a0la partenza  [&#8230;]<\/p>\n","protected":false},"author":1,"featured_media":193919,"comment_status":"open","ping_status":"open","sticky":false,"template":"","format":"standard","meta":{"footnotes":""},"categories":[8],"tags":[],"class_list":["post-193918","post","type-post","status-publish","format-standard","has-post-thumbnail","hentry","category-news"],"_links":{"self":[{"href":"https:\/\/demo.cicloturismo.it\/index.php?rest_route=\/wp\/v2\/posts\/193918","targetHints":{"allow":["GET"]}}],"collection":[{"href":"https:\/\/demo.cicloturismo.it\/index.php?rest_route=\/wp\/v2\/posts"}],"about":[{"href":"https:\/\/demo.cicloturismo.it\/index.php?rest_route=\/wp\/v2\/types\/post"}],"author":[{"embeddable":true,"href":"https:\/\/demo.cicloturismo.it\/index.php?rest_route=\/wp\/v2\/users\/1"}],"replies":[{"embeddable":true,"href":"https:\/\/demo.cicloturismo.it\/index.php?rest_route=%2Fwp%2Fv2%2Fcomments&post=193918"}],"version-history":[{"count":0,"href":"https:\/\/demo.cicloturismo.it\/index.php?rest_route=\/wp\/v2\/posts\/193918\/revisions"}],"wp:featuredmedia":[{"embeddable":true,"href":"https:\/\/demo.cicloturismo.it\/index.php?rest_route=\/"}],"wp:attachment":[{"href":"https:\/\/demo.cicloturismo.it\/index.php?rest_route=%2Fwp%2Fv2%2Fmedia&parent=193918"}],"wp:term":[{"taxonomy":"category","embeddable":true,"href":"https:\/\/demo.cicloturismo.it\/index.php?rest_route=%2Fwp%2Fv2%2Fcategories&post=193918"},{"taxonomy":"post_tag","embeddable":true,"href":"https:\/\/demo.cicloturismo.it\/index.php?rest_route=%2Fwp%2Fv2%2Ftags&post=193918"}],"curies":[{"name":"wp","href":"https:\/\/api.w.org\/{rel}","templated":true}]}}