{"id":193932,"date":"2022-05-27T13:42:25","date_gmt":"2022-05-27T11:42:25","guid":{"rendered":"https:\/\/www.cicloturismo.it\/?p=193932"},"modified":"2022-05-27T13:42:25","modified_gmt":"2022-05-27T11:42:25","slug":"nuova-ciclabile-tra-seriate-a-pedrengo","status":"publish","type":"post","link":"https:\/\/demo.cicloturismo.it\/?p=193932","title":{"rendered":"Nuova ciclabile tra  Seriate a Pedrengo"},"content":{"rendered":"<p><a href=\"https:\/\/demo.cicloturismo.it\/nuova-ciclabile-tra-seriate-a-pedrengo\/bicycle-geef6a360c_1280\/\" rel=\"attachment wp-att-193933\"><img decoding=\"async\" src=\"data:image\/svg+xml,%3Csvg%20xmlns%3D%27http%3A%2F%2Fwww.w3.org%2F2000%2Fsvg%27%20width%3D%27300%27%20height%3D%27200%27%20viewBox%3D%270%200%20300%20200%27%3E%3Crect%20width%3D%27300%27%20height%3D%27200%27%20fill-opacity%3D%220%22%2F%3E%3C%2Fsvg%3E\" data-orig-src=\"https:\/\/demo.cicloturismo.it\/wp-content\/uploads\/2022\/05\/bicycle-geef6a360c_1280-300x200.jpg\" alt=\"\" width=\"300\" height=\"200\" class=\"lazyload alignnone size-medium wp-image-193933\" \/><\/a><\/p>\n<p>Tra qualche mese sar\u00e0 terminata la nuova ciclabile in via di costruzione che collegher\u00e0  Seriate a Pedrengo, che si snoder\u00e0 per  45 chilometri . Secondo il progetto la pista ciclabile partir\u00e0  da via Venezian, a Seriate, e si snoder\u00e0 lungo la  Val Seriana costeggiando il corso del fiume, prima di girare  nei campi attorno al centro di raccolta, per poi terminare  in via Giardini, a Pedrengo, dove si collegher\u00e0 ai percorsi ciclabili gi\u00e0 presenti della zona . L&#8217;opera avr\u00e0 un costo totale di 430mila, in parte il progetto \u00e8 stato finanziato  della regione Lombardia. <\/p>\n","protected":false},"excerpt":{"rendered":"<p>Tra qualche mese sar\u00e0 terminata la nuova ciclabile in via  [&#8230;]<\/p>\n","protected":false},"author":1,"featured_media":193933,"comment_status":"open","ping_status":"open","sticky":false,"template":"","format":"standard","meta":{"footnotes":""},"categories":[8],"tags":[],"class_list":["post-193932","post","type-post","status-publish","format-standard","has-post-thumbnail","hentry","category-news"],"_links":{"self":[{"href":"https:\/\/demo.cicloturismo.it\/index.php?rest_route=\/wp\/v2\/posts\/193932","targetHints":{"allow":["GET"]}}],"collection":[{"href":"https:\/\/demo.cicloturismo.it\/index.php?rest_route=\/wp\/v2\/posts"}],"about":[{"href":"https:\/\/demo.cicloturismo.it\/index.php?rest_route=\/wp\/v2\/types\/post"}],"author":[{"embeddable":true,"href":"https:\/\/demo.cicloturismo.it\/index.php?rest_route=\/wp\/v2\/users\/1"}],"replies":[{"embeddable":true,"href":"https:\/\/demo.cicloturismo.it\/index.php?rest_route=%2Fwp%2Fv2%2Fcomments&post=193932"}],"version-history":[{"count":0,"href":"https:\/\/demo.cicloturismo.it\/index.php?rest_route=\/wp\/v2\/posts\/193932\/revisions"}],"wp:featuredmedia":[{"embeddable":true,"href":"https:\/\/demo.cicloturismo.it\/index.php?rest_route=\/"}],"wp:attachment":[{"href":"https:\/\/demo.cicloturismo.it\/index.php?rest_route=%2Fwp%2Fv2%2Fmedia&parent=193932"}],"wp:term":[{"taxonomy":"category","embeddable":true,"href":"https:\/\/demo.cicloturismo.it\/index.php?rest_route=%2Fwp%2Fv2%2Fcategories&post=193932"},{"taxonomy":"post_tag","embeddable":true,"href":"https:\/\/demo.cicloturismo.it\/index.php?rest_route=%2Fwp%2Fv2%2Ftags&post=193932"}],"curies":[{"name":"wp","href":"https:\/\/api.w.org\/{rel}","templated":true}]}}