{"id":193950,"date":"2022-05-28T15:39:21","date_gmt":"2022-05-28T13:39:21","guid":{"rendered":"https:\/\/www.cicloturismo.it\/?p=193950"},"modified":"2022-05-28T15:39:21","modified_gmt":"2022-05-28T13:39:21","slug":"inaugurata-una-nuova-ciclabile-nel-comune-di-venetico","status":"publish","type":"post","link":"https:\/\/demo.cicloturismo.it\/?p=193950","title":{"rendered":"Inaugurata  una nuova  ciclabile  nel comune di Venetico"},"content":{"rendered":"<p><a href=\"https:\/\/demo.cicloturismo.it\/inaugurata-una-nuova-ciclabile-nel-comune-di-venetico\/bike-961187_1280-2\/\" rel=\"attachment wp-att-193951\"><img decoding=\"async\" src=\"data:image\/svg+xml,%3Csvg%20xmlns%3D%27http%3A%2F%2Fwww.w3.org%2F2000%2Fsvg%27%20width%3D%27300%27%20height%3D%27212%27%20viewBox%3D%270%200%20300%20212%27%3E%3Crect%20width%3D%27300%27%20height%3D%27212%27%20fill-opacity%3D%220%22%2F%3E%3C%2Fsvg%3E\" data-orig-src=\"https:\/\/demo.cicloturismo.it\/wp-content\/uploads\/2022\/05\/bike-961187_1280-300x212.jpg\" alt=\"\" width=\"300\" height=\"212\" class=\"lazyload alignnone size-medium wp-image-193951\" \/><\/a><br \/>\nMercoled\u00ec  scorso  nella citt\u00e0  siciliana  di Venetico  \u00e8  stata inaugurata  la nuova pista  ciclabile  del lungomare.  La pista si snoda per 1,4 km e si sviluppa a partire dal confine con il comune di Spadafora fino alla via Sacc\u00e0. Al taglio  del  nastro  erano  presenti  il sindaco  Francesco Rizzo e il presidente della Regione\u00a0Nello Musumeci\u00a0e l&#8217;ex commissario della Struttura regionale contro il dissesto idrogeologico Maurizio Croce.<\/p>\n","protected":false},"excerpt":{"rendered":"<p>Mercoled\u00ec scorso nella citt\u00e0 siciliana di Venetico \u00e8 stata inaugurata  [&#8230;]<\/p>\n","protected":false},"author":1,"featured_media":193951,"comment_status":"open","ping_status":"open","sticky":false,"template":"","format":"standard","meta":{"footnotes":""},"categories":[8],"tags":[],"class_list":["post-193950","post","type-post","status-publish","format-standard","has-post-thumbnail","hentry","category-news"],"_links":{"self":[{"href":"https:\/\/demo.cicloturismo.it\/index.php?rest_route=\/wp\/v2\/posts\/193950","targetHints":{"allow":["GET"]}}],"collection":[{"href":"https:\/\/demo.cicloturismo.it\/index.php?rest_route=\/wp\/v2\/posts"}],"about":[{"href":"https:\/\/demo.cicloturismo.it\/index.php?rest_route=\/wp\/v2\/types\/post"}],"author":[{"embeddable":true,"href":"https:\/\/demo.cicloturismo.it\/index.php?rest_route=\/wp\/v2\/users\/1"}],"replies":[{"embeddable":true,"href":"https:\/\/demo.cicloturismo.it\/index.php?rest_route=%2Fwp%2Fv2%2Fcomments&post=193950"}],"version-history":[{"count":0,"href":"https:\/\/demo.cicloturismo.it\/index.php?rest_route=\/wp\/v2\/posts\/193950\/revisions"}],"wp:featuredmedia":[{"embeddable":true,"href":"https:\/\/demo.cicloturismo.it\/index.php?rest_route=\/"}],"wp:attachment":[{"href":"https:\/\/demo.cicloturismo.it\/index.php?rest_route=%2Fwp%2Fv2%2Fmedia&parent=193950"}],"wp:term":[{"taxonomy":"category","embeddable":true,"href":"https:\/\/demo.cicloturismo.it\/index.php?rest_route=%2Fwp%2Fv2%2Fcategories&post=193950"},{"taxonomy":"post_tag","embeddable":true,"href":"https:\/\/demo.cicloturismo.it\/index.php?rest_route=%2Fwp%2Fv2%2Ftags&post=193950"}],"curies":[{"name":"wp","href":"https:\/\/api.w.org\/{rel}","templated":true}]}}