{"id":193963,"date":"2022-05-29T15:15:51","date_gmt":"2022-05-29T13:15:51","guid":{"rendered":"https:\/\/www.cicloturismo.it\/?p=193963"},"modified":"2022-05-29T15:15:51","modified_gmt":"2022-05-29T13:15:51","slug":"la-ciclabile-dei-due-mari","status":"publish","type":"post","link":"https:\/\/demo.cicloturismo.it\/?p=193963","title":{"rendered":"La ciclabile dei \u2018Due mari\u2019"},"content":{"rendered":"<p><a href=\"https:\/\/demo.cicloturismo.it\/la-ciclabile-dei-due-mari\/cycles-gcb3543d43_1280\/\" rel=\"attachment wp-att-193964\"><img decoding=\"async\" src=\"data:image\/svg+xml,%3Csvg%20xmlns%3D%27http%3A%2F%2Fwww.w3.org%2F2000%2Fsvg%27%20width%3D%27300%27%20height%3D%27200%27%20viewBox%3D%270%200%20300%20200%27%3E%3Crect%20width%3D%27300%27%20height%3D%27200%27%20fill-opacity%3D%220%22%2F%3E%3C%2Fsvg%3E\" data-orig-src=\"https:\/\/demo.cicloturismo.it\/wp-content\/uploads\/2022\/05\/cycles-gcb3543d43_1280-300x200.jpg\" alt=\"\" width=\"300\" height=\"200\" class=\"lazyload alignnone size-medium wp-image-193964\" \/><\/a><br \/>\nA breve partiranno i lavori per realizzare il  tratto delle Crete senesi , il primo lotto dell\u2019itinerario ciclabile dei \u2018Due mari\u2019. In questi giorni la giunta regionale Toscana , ha approvato il progetto di fattibilit\u00e0 tecnico-economica dell\u2019intero tratto toscano della ciclabile ed ha disposto la trasmissione al Ministero delle Infrastrutture per la richiesta dei finanziamenti necessari per la costruzione .  La ciclabile collegher\u00e0 il   Tirreno ed Adriatico,si snoder\u00e0 tra le regioni Toscana,Umbria e Marche e prender\u00e0 il via dalla citt\u00e0 di Grosseto per poi concludersi a Fano . Il tratto Toscano si snoder\u00e0 in 16 comuni &#8220;Grosseto, Campagnatico, Civitella Paganico, Murlo, Buonconvento, Monteroni D\u2019Arbia, Siena, Castelnuovo Berardenga, Asciano, Rapolano Terme, Sinalunga, Bucine, Arezzo, Monterchi, Anghiari, Sansepolcro&#8221;per un totale di 373 chilometri . <\/p>\n","protected":false},"excerpt":{"rendered":"<p>A breve partiranno i lavori per realizzare il tratto delle  [&#8230;]<\/p>\n","protected":false},"author":1,"featured_media":193964,"comment_status":"open","ping_status":"open","sticky":false,"template":"","format":"standard","meta":{"footnotes":""},"categories":[8],"tags":[],"class_list":["post-193963","post","type-post","status-publish","format-standard","has-post-thumbnail","hentry","category-news"],"_links":{"self":[{"href":"https:\/\/demo.cicloturismo.it\/index.php?rest_route=\/wp\/v2\/posts\/193963","targetHints":{"allow":["GET"]}}],"collection":[{"href":"https:\/\/demo.cicloturismo.it\/index.php?rest_route=\/wp\/v2\/posts"}],"about":[{"href":"https:\/\/demo.cicloturismo.it\/index.php?rest_route=\/wp\/v2\/types\/post"}],"author":[{"embeddable":true,"href":"https:\/\/demo.cicloturismo.it\/index.php?rest_route=\/wp\/v2\/users\/1"}],"replies":[{"embeddable":true,"href":"https:\/\/demo.cicloturismo.it\/index.php?rest_route=%2Fwp%2Fv2%2Fcomments&post=193963"}],"version-history":[{"count":0,"href":"https:\/\/demo.cicloturismo.it\/index.php?rest_route=\/wp\/v2\/posts\/193963\/revisions"}],"wp:featuredmedia":[{"embeddable":true,"href":"https:\/\/demo.cicloturismo.it\/index.php?rest_route=\/"}],"wp:attachment":[{"href":"https:\/\/demo.cicloturismo.it\/index.php?rest_route=%2Fwp%2Fv2%2Fmedia&parent=193963"}],"wp:term":[{"taxonomy":"category","embeddable":true,"href":"https:\/\/demo.cicloturismo.it\/index.php?rest_route=%2Fwp%2Fv2%2Fcategories&post=193963"},{"taxonomy":"post_tag","embeddable":true,"href":"https:\/\/demo.cicloturismo.it\/index.php?rest_route=%2Fwp%2Fv2%2Ftags&post=193963"}],"curies":[{"name":"wp","href":"https:\/\/api.w.org\/{rel}","templated":true}]}}