{"id":193987,"date":"2022-05-30T12:15:37","date_gmt":"2022-05-30T10:15:37","guid":{"rendered":"https:\/\/www.cicloturismo.it\/?p=193987"},"modified":"2022-05-30T12:15:37","modified_gmt":"2022-05-30T10:15:37","slug":"12-giugno-torna-la-randonnee-di-pinocchio","status":"publish","type":"post","link":"https:\/\/demo.cicloturismo.it\/?p=193987","title":{"rendered":"12 Giugno &#8211; Torna la Randonn\u00e9e di Pinocchio"},"content":{"rendered":"<p>Giunta ormai alla 6\u00b0 edizione, la <strong>Randonn\u00e9e di Pinocchio<\/strong> \u00e8 diventata ormai una classica di fine primavera per i cicloamatori che desiderano una giornata di sport, natura e tanto, tanto divertimento.<\/p>\n<p>La formula \u00e8 quella classica che tanto successo ha riscosso in questi anni e che non si \u00e8 fermata nemmeno negli anni pi\u00f9 duri dell\u2019emergenza COVID e che quest\u2019anno ripropone i <strong>4 percorsi<\/strong>: Classic, Marathon, Gravel e Family.<\/p>\n<p>Il <strong>Classic<\/strong> \u00e8 il percorso storico, 27Km, 885 metri di dislivello aperto alle Mountain Bike ed alle E-Bike<br \/>\nIl <strong>Marathon<\/strong> con i suoi 55Km e ben 1703 metri di dislivello aperto alle Mountain Bike ed alle E-Bike<br \/>\nIl <strong>Gravel<\/strong> per una lunghezza di 57Km e 1132 metri di dislivello tracciato appositamente per gli amanti di questo genere di biciclette<br \/>\nIl <strong>Family<\/strong> di solo 7Km e 71 metri di dislivello adatto ai bambini ed agli accompagnatori, l\u2019unico percorso che non necessita di certificato medico e che comprende nella quota di iscrizione l\u2019ingresso al Museo della Carta, un voucher per il Parco di Pinocchio, il Nutella Party e la medaglia commemorativa della giornata.<\/p>\n<p>La partenza \u00e8 fissata per le ore 8.00 da Piazza Mazzini di Pescia (PT) con l\u2019accredito che si aprir\u00e0 alle ore 7.00.<\/p>\n<p>L\u2019arrivo ed il pasta party finale saranno invece in Piazza Matteotti sempre a Pescia: tutti i partecipanti riceveranno, oltre al consueto pacco gara anche una medaglia commemorativa dell\u2019evento.<\/p>\n<p>Come negli anni passati, la manifestazione si presta in modo particolare ai Gruppi ed alle Societ\u00e0 Sportive perch\u00e9 permette di trascorrere una giornata pedalando tutti assieme e scoprendo degli scorci di Toscana che in pochi conoscono.<\/p>\n<p>Se volete maggiori informazioni, potete consultare il sito web ufficiale <a href=\"https:\/\/www.larandonneedipinocchio.it\/\">https:\/\/www.larandonneedipinocchio.it\/<\/a> mentre per le iscrizioni dovete collegarvi al sito di ENDU <a href=\"https:\/\/join.endu.net\/entry?edition=69331\">https:\/\/join.endu.net\/entry?edition=69331<\/a><\/p>\n<p>&nbsp;<\/p>\n","protected":false},"excerpt":{"rendered":"<p>Giunta ormai alla 6\u00b0 edizione, la Randonn\u00e9e di Pinocchio \u00e8  [&#8230;]<\/p>\n","protected":false},"author":1,"featured_media":193988,"comment_status":"open","ping_status":"open","sticky":false,"template":"","format":"standard","meta":{"footnotes":""},"categories":[8],"tags":[],"class_list":["post-193987","post","type-post","status-publish","format-standard","has-post-thumbnail","hentry","category-news"],"_links":{"self":[{"href":"https:\/\/demo.cicloturismo.it\/index.php?rest_route=\/wp\/v2\/posts\/193987","targetHints":{"allow":["GET"]}}],"collection":[{"href":"https:\/\/demo.cicloturismo.it\/index.php?rest_route=\/wp\/v2\/posts"}],"about":[{"href":"https:\/\/demo.cicloturismo.it\/index.php?rest_route=\/wp\/v2\/types\/post"}],"author":[{"embeddable":true,"href":"https:\/\/demo.cicloturismo.it\/index.php?rest_route=\/wp\/v2\/users\/1"}],"replies":[{"embeddable":true,"href":"https:\/\/demo.cicloturismo.it\/index.php?rest_route=%2Fwp%2Fv2%2Fcomments&post=193987"}],"version-history":[{"count":0,"href":"https:\/\/demo.cicloturismo.it\/index.php?rest_route=\/wp\/v2\/posts\/193987\/revisions"}],"wp:featuredmedia":[{"embeddable":true,"href":"https:\/\/demo.cicloturismo.it\/index.php?rest_route=\/"}],"wp:attachment":[{"href":"https:\/\/demo.cicloturismo.it\/index.php?rest_route=%2Fwp%2Fv2%2Fmedia&parent=193987"}],"wp:term":[{"taxonomy":"category","embeddable":true,"href":"https:\/\/demo.cicloturismo.it\/index.php?rest_route=%2Fwp%2Fv2%2Fcategories&post=193987"},{"taxonomy":"post_tag","embeddable":true,"href":"https:\/\/demo.cicloturismo.it\/index.php?rest_route=%2Fwp%2Fv2%2Ftags&post=193987"}],"curies":[{"name":"wp","href":"https:\/\/api.w.org\/{rel}","templated":true}]}}