{"id":193995,"date":"2022-05-30T13:55:11","date_gmt":"2022-05-30T11:55:11","guid":{"rendered":"https:\/\/www.cicloturismo.it\/?p=193995"},"modified":"2022-05-30T13:55:11","modified_gmt":"2022-05-30T11:55:11","slug":"malore-improvviso-in-bici-cicloamatore-salvato-dallamico-con-il-massaggio-cardiaco","status":"publish","type":"post","link":"https:\/\/demo.cicloturismo.it\/?p=193995","title":{"rendered":"Malore improvviso  in bici, cicloamatore salvato dall\u2019amico con il massaggio cardiaco."},"content":{"rendered":"<p><a href=\"https:\/\/demo.cicloturismo.it\/malore-improvviso-in-bici-cicloamatore-salvato-dallamico-con-il-massaggio-cardiaco\/cyclist-ge9fae746d_1280\/\" rel=\"attachment wp-att-193997\"><img decoding=\"async\" src=\"data:image\/svg+xml,%3Csvg%20xmlns%3D%27http%3A%2F%2Fwww.w3.org%2F2000%2Fsvg%27%20width%3D%27300%27%20height%3D%27200%27%20viewBox%3D%270%200%20300%20200%27%3E%3Crect%20width%3D%27300%27%20height%3D%27200%27%20fill-opacity%3D%220%22%2F%3E%3C%2Fsvg%3E\" data-orig-src=\"https:\/\/demo.cicloturismo.it\/wp-content\/uploads\/2022\/05\/cyclist-ge9fae746d_1280-300x200.jpg\" alt=\"\" width=\"300\" height=\"200\" class=\"lazyload alignnone size-medium wp-image-193997\" \/><\/a><\/p>\n<p>Un ciclista di 58 anni stava pedalando assieme ad  alcuni amici per raggiungere una gara ciclistica a Bacedasco Alto, nel territorio di Castell\u2019Arquato. Ad un certo punto del percorso \u00e8 stato colpito da un malore improvviso , la vista  si \u00e8 annebbiata ed \u00e8 finito a terra.  Il cicloamatore di 58 anni   \u00e8 ancora vivo grazie  al suo amico che era con lui e che, con grande freddezza, ha capito subito cosa stava accadendo e gli ha praticato il massaggio cardiaco in attesa dei soccorsi. Una  volta giunti sul posto i sanitari del 118 hanno usato subito il  defibrillatore: grazie al doppio intervento, il cuore del 58enne ha ripreso a battere. L&#8217;uomo \u00e8 stato trasportato in elicottero all\u2019ospedale di Piacenza. <\/p>\n","protected":false},"excerpt":{"rendered":"<p>Un ciclista di 58 anni stava pedalando assieme ad alcuni  [&#8230;]<\/p>\n","protected":false},"author":1,"featured_media":193997,"comment_status":"open","ping_status":"open","sticky":false,"template":"","format":"standard","meta":{"footnotes":""},"categories":[8],"tags":[],"class_list":["post-193995","post","type-post","status-publish","format-standard","has-post-thumbnail","hentry","category-news"],"_links":{"self":[{"href":"https:\/\/demo.cicloturismo.it\/index.php?rest_route=\/wp\/v2\/posts\/193995","targetHints":{"allow":["GET"]}}],"collection":[{"href":"https:\/\/demo.cicloturismo.it\/index.php?rest_route=\/wp\/v2\/posts"}],"about":[{"href":"https:\/\/demo.cicloturismo.it\/index.php?rest_route=\/wp\/v2\/types\/post"}],"author":[{"embeddable":true,"href":"https:\/\/demo.cicloturismo.it\/index.php?rest_route=\/wp\/v2\/users\/1"}],"replies":[{"embeddable":true,"href":"https:\/\/demo.cicloturismo.it\/index.php?rest_route=%2Fwp%2Fv2%2Fcomments&post=193995"}],"version-history":[{"count":0,"href":"https:\/\/demo.cicloturismo.it\/index.php?rest_route=\/wp\/v2\/posts\/193995\/revisions"}],"wp:featuredmedia":[{"embeddable":true,"href":"https:\/\/demo.cicloturismo.it\/index.php?rest_route=\/"}],"wp:attachment":[{"href":"https:\/\/demo.cicloturismo.it\/index.php?rest_route=%2Fwp%2Fv2%2Fmedia&parent=193995"}],"wp:term":[{"taxonomy":"category","embeddable":true,"href":"https:\/\/demo.cicloturismo.it\/index.php?rest_route=%2Fwp%2Fv2%2Fcategories&post=193995"},{"taxonomy":"post_tag","embeddable":true,"href":"https:\/\/demo.cicloturismo.it\/index.php?rest_route=%2Fwp%2Fv2%2Ftags&post=193995"}],"curies":[{"name":"wp","href":"https:\/\/api.w.org\/{rel}","templated":true}]}}