{"id":194078,"date":"2022-06-03T14:46:50","date_gmt":"2022-06-03T12:46:50","guid":{"rendered":"https:\/\/www.cicloturismo.it\/?p=194078"},"modified":"2022-06-03T14:46:50","modified_gmt":"2022-06-03T12:46:50","slug":"nuova-ciclabile-nel-comune-di-cesano-di-senigallia","status":"publish","type":"post","link":"https:\/\/demo.cicloturismo.it\/?p=194078","title":{"rendered":"Nuova ciclabile nel comune di Cesano di Senigallia."},"content":{"rendered":"<p><a href=\"https:\/\/demo.cicloturismo.it\/nuova-ciclabile-tra-seriate-a-pedrengo\/bicycle-geef6a360c_1280\/\" rel=\"attachment wp-att-193933\"><img decoding=\"async\" src=\"data:image\/svg+xml,%3Csvg%20xmlns%3D%27http%3A%2F%2Fwww.w3.org%2F2000%2Fsvg%27%20width%3D%27300%27%20height%3D%27200%27%20viewBox%3D%270%200%20300%20200%27%3E%3Crect%20width%3D%27300%27%20height%3D%27200%27%20fill-opacity%3D%220%22%2F%3E%3C%2Fsvg%3E\" data-orig-src=\"https:\/\/demo.cicloturismo.it\/wp-content\/uploads\/2022\/05\/bicycle-geef6a360c_1280-300x200.jpg\" alt=\"\" width=\"300\" height=\"200\" class=\"lazyload alignnone size-medium wp-image-193933\" \/><\/a><br \/>\nIeri pomeriggio nella citt\u00e0 di Cesano di Senigallia \u00e8 stata inaugurata la nuova ciclabile che collega la piazzetta di Cesano con il Lungomare Mameli. Questa ciclabile \u00e8 stata fortemente voluta dai residenti e dai turisti,  \u00e8 un pezzo funzionale della ciclovia adriatica che attraversa tutto il comune di Senigallia e consentir\u00e0 di mettere in sicurezza i percorsi ciclabile della citt\u00e0 .L&#8217;opera \u00e8 costa 170.000 euro .<\/p>\n","protected":false},"excerpt":{"rendered":"<p>Ieri pomeriggio nella citt\u00e0 di Cesano di Senigallia \u00e8 stata  [&#8230;]<\/p>\n","protected":false},"author":1,"featured_media":193933,"comment_status":"open","ping_status":"open","sticky":false,"template":"","format":"standard","meta":{"footnotes":""},"categories":[8],"tags":[],"class_list":["post-194078","post","type-post","status-publish","format-standard","has-post-thumbnail","hentry","category-news"],"_links":{"self":[{"href":"https:\/\/demo.cicloturismo.it\/index.php?rest_route=\/wp\/v2\/posts\/194078","targetHints":{"allow":["GET"]}}],"collection":[{"href":"https:\/\/demo.cicloturismo.it\/index.php?rest_route=\/wp\/v2\/posts"}],"about":[{"href":"https:\/\/demo.cicloturismo.it\/index.php?rest_route=\/wp\/v2\/types\/post"}],"author":[{"embeddable":true,"href":"https:\/\/demo.cicloturismo.it\/index.php?rest_route=\/wp\/v2\/users\/1"}],"replies":[{"embeddable":true,"href":"https:\/\/demo.cicloturismo.it\/index.php?rest_route=%2Fwp%2Fv2%2Fcomments&post=194078"}],"version-history":[{"count":0,"href":"https:\/\/demo.cicloturismo.it\/index.php?rest_route=\/wp\/v2\/posts\/194078\/revisions"}],"wp:featuredmedia":[{"embeddable":true,"href":"https:\/\/demo.cicloturismo.it\/index.php?rest_route=\/"}],"wp:attachment":[{"href":"https:\/\/demo.cicloturismo.it\/index.php?rest_route=%2Fwp%2Fv2%2Fmedia&parent=194078"}],"wp:term":[{"taxonomy":"category","embeddable":true,"href":"https:\/\/demo.cicloturismo.it\/index.php?rest_route=%2Fwp%2Fv2%2Fcategories&post=194078"},{"taxonomy":"post_tag","embeddable":true,"href":"https:\/\/demo.cicloturismo.it\/index.php?rest_route=%2Fwp%2Fv2%2Ftags&post=194078"}],"curies":[{"name":"wp","href":"https:\/\/api.w.org\/{rel}","templated":true}]}}