{"id":194156,"date":"2022-06-06T14:39:20","date_gmt":"2022-06-06T12:39:20","guid":{"rendered":"https:\/\/www.cicloturismo.it\/?p=194156"},"modified":"2022-06-06T14:39:20","modified_gmt":"2022-06-06T12:39:20","slug":"rimini-dedica-una-ciclabile-a-marco-pantani","status":"publish","type":"post","link":"https:\/\/demo.cicloturismo.it\/?p=194156","title":{"rendered":"Rimini dedica una ciclabile a Marco pantani ."},"content":{"rendered":"<p><a href=\"https:\/\/demo.cicloturismo.it\/rimini-dedica-una-ciclabile-a-marco-pantani\/bike-ge5864dc17_1280\/\" rel=\"attachment wp-att-194157\"><img decoding=\"async\" src=\"data:image\/svg+xml,%3Csvg%20xmlns%3D%27http%3A%2F%2Fwww.w3.org%2F2000%2Fsvg%27%20width%3D%27300%27%20height%3D%27225%27%20viewBox%3D%270%200%20300%20225%27%3E%3Crect%20width%3D%27300%27%20height%3D%27225%27%20fill-opacity%3D%220%22%2F%3E%3C%2Fsvg%3E\" data-orig-src=\"https:\/\/demo.cicloturismo.it\/wp-content\/uploads\/2022\/06\/bike-ge5864dc17_1280-300x225.jpg\" alt=\"\" width=\"300\" height=\"225\" class=\"lazyload alignnone size-medium wp-image-194157\" \/><\/a><\/p>\n<p>La giunta comunale di Rimini ha deciso di realizzare una ciclabile colorata , nel segno del rosa e del giallo, i colori simbolo dei successi sportivi del grande Marco Pantani . Il tratto scelto \u00e8 quello di via Montescudo, il pi\u00f9 lungo del comune , perch\u00e9 collega  l\u2019entroterra e la costa. L&#8217;assessore del comunione Francesco Bragagni  spiega , che&#8221; Il progetto di rinnovamento di quella tratta ciclabile sar\u00e0 ispirato alla  figura del campione di Cesenatico. Il progetto prevede di create delle vere e proprie tappe lungo il percorso legate ad alcune tra le pi\u00f9 esaltanti vittorie della carriera del Pirata, come per esempio l\u2019Alpe d\u2019Huez, il Mont Ventoux, il Mortirolo. Pensiamo poi ad una speciale livrea, andando ad utilizzare il rosa e il giallo, i colori del Giro d\u2019Italia e del Tour de France, ricordando la leggendaria impresa del 1998&#8243;.<\/p>\n","protected":false},"excerpt":{"rendered":"<p>La giunta comunale di Rimini ha deciso di realizzare una  [&#8230;]<\/p>\n","protected":false},"author":1,"featured_media":194157,"comment_status":"open","ping_status":"open","sticky":false,"template":"","format":"standard","meta":{"footnotes":""},"categories":[8],"tags":[],"class_list":["post-194156","post","type-post","status-publish","format-standard","has-post-thumbnail","hentry","category-news"],"_links":{"self":[{"href":"https:\/\/demo.cicloturismo.it\/index.php?rest_route=\/wp\/v2\/posts\/194156","targetHints":{"allow":["GET"]}}],"collection":[{"href":"https:\/\/demo.cicloturismo.it\/index.php?rest_route=\/wp\/v2\/posts"}],"about":[{"href":"https:\/\/demo.cicloturismo.it\/index.php?rest_route=\/wp\/v2\/types\/post"}],"author":[{"embeddable":true,"href":"https:\/\/demo.cicloturismo.it\/index.php?rest_route=\/wp\/v2\/users\/1"}],"replies":[{"embeddable":true,"href":"https:\/\/demo.cicloturismo.it\/index.php?rest_route=%2Fwp%2Fv2%2Fcomments&post=194156"}],"version-history":[{"count":0,"href":"https:\/\/demo.cicloturismo.it\/index.php?rest_route=\/wp\/v2\/posts\/194156\/revisions"}],"wp:featuredmedia":[{"embeddable":true,"href":"https:\/\/demo.cicloturismo.it\/index.php?rest_route=\/"}],"wp:attachment":[{"href":"https:\/\/demo.cicloturismo.it\/index.php?rest_route=%2Fwp%2Fv2%2Fmedia&parent=194156"}],"wp:term":[{"taxonomy":"category","embeddable":true,"href":"https:\/\/demo.cicloturismo.it\/index.php?rest_route=%2Fwp%2Fv2%2Fcategories&post=194156"},{"taxonomy":"post_tag","embeddable":true,"href":"https:\/\/demo.cicloturismo.it\/index.php?rest_route=%2Fwp%2Fv2%2Ftags&post=194156"}],"curies":[{"name":"wp","href":"https:\/\/api.w.org\/{rel}","templated":true}]}}