{"id":194179,"date":"2022-06-07T14:01:28","date_gmt":"2022-06-07T12:01:28","guid":{"rendered":"https:\/\/www.cicloturismo.it\/?p=194179"},"modified":"2022-06-07T14:01:28","modified_gmt":"2022-06-07T12:01:28","slug":"nuova-ciclabile-nel-comune-di-rimini-2","status":"publish","type":"post","link":"https:\/\/demo.cicloturismo.it\/?p=194179","title":{"rendered":"Nuova ciclabile nel comune di Rimini ."},"content":{"rendered":"<p><a href=\"https:\/\/demo.cicloturismo.it\/nuova-ciclabile-nel-comune-di-rimini-2\/racing-bike-gba520e339_1280\/\" rel=\"attachment wp-att-194181\"><img decoding=\"async\" src=\"data:image\/svg+xml,%3Csvg%20xmlns%3D%27http%3A%2F%2Fwww.w3.org%2F2000%2Fsvg%27%20width%3D%27300%27%20height%3D%27168%27%20viewBox%3D%270%200%20300%20168%27%3E%3Crect%20width%3D%27300%27%20height%3D%27168%27%20fill-opacity%3D%220%22%2F%3E%3C%2Fsvg%3E\" data-orig-src=\"https:\/\/demo.cicloturismo.it\/wp-content\/uploads\/2022\/06\/racing-bike-gba520e339_1280-300x168.jpg\" alt=\"\" width=\"300\" height=\"168\" class=\"lazyload alignnone size-medium wp-image-194181\" \/><\/a><br \/>\nIeri pomeriggio alla presenza del Sindaco di Riccione e del  leader di Club italia del turismo  \u00e8 stata inaugurata la nuova via ciclabile  di viale Torino che, nei mesi scorsi, \u00e8 stato interessato da interventi di rigenerazione urbana.\u201cSiamo orgogliosi perch\u00e9 oggi vede la luce il primo passo di un progetto pensato per essere a favore della citt\u00e0 di Riccione, dei suoi abitanti e delle migliaia di turisti che ogni anno scelgono la citt\u00e0 romagnola come meta delle loro vacanze&#8221;-dichiara  Angelo E. Cartelli, direttore generale di Club del Sole .<\/p>\n","protected":false},"excerpt":{"rendered":"<p>Ieri pomeriggio alla presenza del Sindaco di Riccione e del  [&#8230;]<\/p>\n","protected":false},"author":1,"featured_media":194181,"comment_status":"open","ping_status":"open","sticky":false,"template":"","format":"standard","meta":{"footnotes":""},"categories":[8],"tags":[],"class_list":["post-194179","post","type-post","status-publish","format-standard","has-post-thumbnail","hentry","category-news"],"_links":{"self":[{"href":"https:\/\/demo.cicloturismo.it\/index.php?rest_route=\/wp\/v2\/posts\/194179","targetHints":{"allow":["GET"]}}],"collection":[{"href":"https:\/\/demo.cicloturismo.it\/index.php?rest_route=\/wp\/v2\/posts"}],"about":[{"href":"https:\/\/demo.cicloturismo.it\/index.php?rest_route=\/wp\/v2\/types\/post"}],"author":[{"embeddable":true,"href":"https:\/\/demo.cicloturismo.it\/index.php?rest_route=\/wp\/v2\/users\/1"}],"replies":[{"embeddable":true,"href":"https:\/\/demo.cicloturismo.it\/index.php?rest_route=%2Fwp%2Fv2%2Fcomments&post=194179"}],"version-history":[{"count":0,"href":"https:\/\/demo.cicloturismo.it\/index.php?rest_route=\/wp\/v2\/posts\/194179\/revisions"}],"wp:featuredmedia":[{"embeddable":true,"href":"https:\/\/demo.cicloturismo.it\/index.php?rest_route=\/"}],"wp:attachment":[{"href":"https:\/\/demo.cicloturismo.it\/index.php?rest_route=%2Fwp%2Fv2%2Fmedia&parent=194179"}],"wp:term":[{"taxonomy":"category","embeddable":true,"href":"https:\/\/demo.cicloturismo.it\/index.php?rest_route=%2Fwp%2Fv2%2Fcategories&post=194179"},{"taxonomy":"post_tag","embeddable":true,"href":"https:\/\/demo.cicloturismo.it\/index.php?rest_route=%2Fwp%2Fv2%2Ftags&post=194179"}],"curies":[{"name":"wp","href":"https:\/\/api.w.org\/{rel}","templated":true}]}}