{"id":194206,"date":"2022-06-08T14:21:31","date_gmt":"2022-06-08T12:21:31","guid":{"rendered":"https:\/\/www.cicloturismo.it\/?p=194206"},"modified":"2022-06-08T14:21:31","modified_gmt":"2022-06-08T12:21:31","slug":"incidente-stradale-a-vinovo-auto-contro-bici","status":"publish","type":"post","link":"https:\/\/demo.cicloturismo.it\/?p=194206","title":{"rendered":"Incidente stradale a Vinovo: auto contro bici"},"content":{"rendered":"<p><a href=\"https:\/\/demo.cicloturismo.it\/incidente-stradale-a-vinovo-auto-contro-bici\/girl-g67bae7337_1280\/\" rel=\"attachment wp-att-194207\"><img decoding=\"async\" src=\"data:image\/svg+xml,%3Csvg%20xmlns%3D%27http%3A%2F%2Fwww.w3.org%2F2000%2Fsvg%27%20width%3D%27300%27%20height%3D%27212%27%20viewBox%3D%270%200%20300%20212%27%3E%3Crect%20width%3D%27300%27%20height%3D%27212%27%20fill-opacity%3D%220%22%2F%3E%3C%2Fsvg%3E\" data-orig-src=\"https:\/\/demo.cicloturismo.it\/wp-content\/uploads\/2022\/06\/girl-g67bae7337_1280-300x212.jpg\" alt=\"\" width=\"300\" height=\"212\" class=\"lazyload alignnone size-medium wp-image-194207\" \/><\/a><br \/>\nQuesta mattina nei pressi della cittadina di Vinovo si \u00e8 verificato un brutto incidente stradale che ha coinvolto un ciclista e un automobilista . Il ciclista \u00e8 stato urtato da un&#8217;auto, \u00e8 caduto per terra violentemente  ed \u00e8 morto sul colpo . Inutili tutti i tentativi di rianimazione da parte del personale del 118.  La vettura era guidata  da un ragazzo  che si \u00e8 subito fermato dopo l&#8217;incidente per prestare  soccorso .  Sul posto sono intervenuti anche gli agenti della Polizia Locale per effettuare i rilievi dell&#8217;incidente stradale . <\/p>\n","protected":false},"excerpt":{"rendered":"<p>Questa mattina nei pressi della cittadina di Vinovo si \u00e8  [&#8230;]<\/p>\n","protected":false},"author":1,"featured_media":194207,"comment_status":"open","ping_status":"open","sticky":false,"template":"","format":"standard","meta":{"footnotes":""},"categories":[8],"tags":[],"class_list":["post-194206","post","type-post","status-publish","format-standard","has-post-thumbnail","hentry","category-news"],"_links":{"self":[{"href":"https:\/\/demo.cicloturismo.it\/index.php?rest_route=\/wp\/v2\/posts\/194206","targetHints":{"allow":["GET"]}}],"collection":[{"href":"https:\/\/demo.cicloturismo.it\/index.php?rest_route=\/wp\/v2\/posts"}],"about":[{"href":"https:\/\/demo.cicloturismo.it\/index.php?rest_route=\/wp\/v2\/types\/post"}],"author":[{"embeddable":true,"href":"https:\/\/demo.cicloturismo.it\/index.php?rest_route=\/wp\/v2\/users\/1"}],"replies":[{"embeddable":true,"href":"https:\/\/demo.cicloturismo.it\/index.php?rest_route=%2Fwp%2Fv2%2Fcomments&post=194206"}],"version-history":[{"count":0,"href":"https:\/\/demo.cicloturismo.it\/index.php?rest_route=\/wp\/v2\/posts\/194206\/revisions"}],"wp:featuredmedia":[{"embeddable":true,"href":"https:\/\/demo.cicloturismo.it\/index.php?rest_route=\/"}],"wp:attachment":[{"href":"https:\/\/demo.cicloturismo.it\/index.php?rest_route=%2Fwp%2Fv2%2Fmedia&parent=194206"}],"wp:term":[{"taxonomy":"category","embeddable":true,"href":"https:\/\/demo.cicloturismo.it\/index.php?rest_route=%2Fwp%2Fv2%2Fcategories&post=194206"},{"taxonomy":"post_tag","embeddable":true,"href":"https:\/\/demo.cicloturismo.it\/index.php?rest_route=%2Fwp%2Fv2%2Ftags&post=194206"}],"curies":[{"name":"wp","href":"https:\/\/api.w.org\/{rel}","templated":true}]}}