{"id":194218,"date":"2022-06-09T15:01:24","date_gmt":"2022-06-09T13:01:24","guid":{"rendered":"https:\/\/www.cicloturismo.it\/?p=194218"},"modified":"2022-06-09T15:01:24","modified_gmt":"2022-06-09T13:01:24","slug":"nuova-ciclabile-nel-comune-di-lodi-2","status":"publish","type":"post","link":"https:\/\/demo.cicloturismo.it\/?p=194218","title":{"rendered":"Nuova ciclabile nel comune di  Lodi ."},"content":{"rendered":"<p><a href=\"https:\/\/demo.cicloturismo.it\/conclusi-i-lavori-sulla-ciclabile-soverzene-soccher\/road-bike-g790a2426d_1280\/\" rel=\"attachment wp-att-194058\"><img decoding=\"async\" src=\"data:image\/svg+xml,%3Csvg%20xmlns%3D%27http%3A%2F%2Fwww.w3.org%2F2000%2Fsvg%27%20width%3D%27300%27%20height%3D%27200%27%20viewBox%3D%270%200%20300%20200%27%3E%3Crect%20width%3D%27300%27%20height%3D%27200%27%20fill-opacity%3D%220%22%2F%3E%3C%2Fsvg%3E\" data-orig-src=\"https:\/\/demo.cicloturismo.it\/wp-content\/uploads\/2022\/06\/road-bike-g790a2426d_1280-300x200.jpg\" alt=\"\" width=\"300\" height=\"200\" class=\"lazyload alignnone size-medium wp-image-194058\" \/><\/a><br \/>\nL&#8217;amministrazione comunale di Lodi ha approvato il progetto definitivo della nuova ciclabile urbana. Il percorso si svilupper\u00e0 per 15 chilometri, metter\u00e0 in comunicazione la citt\u00e0 di Lodi con  quella di Crema  . La ciclabile correr\u00e0 sul lato destro della provinciale Crema-Lodi, per chi viaggia verso ovest. Al momento la Provincia di Lodi ha gi\u00e0 a disposizione un fondo di  1,5 milioni di euro, per finanziare la propria parte di tracciato, dalla citt\u00e0 rivierasca sino a Crespiatica, al confine con il Cremasco.  <\/p>\n","protected":false},"excerpt":{"rendered":"<p>L&#8217;amministrazione comunale di Lodi ha approvato il progetto definitivo della  [&#8230;]<\/p>\n","protected":false},"author":1,"featured_media":194058,"comment_status":"open","ping_status":"open","sticky":false,"template":"","format":"standard","meta":{"footnotes":""},"categories":[8],"tags":[],"class_list":["post-194218","post","type-post","status-publish","format-standard","has-post-thumbnail","hentry","category-news"],"_links":{"self":[{"href":"https:\/\/demo.cicloturismo.it\/index.php?rest_route=\/wp\/v2\/posts\/194218","targetHints":{"allow":["GET"]}}],"collection":[{"href":"https:\/\/demo.cicloturismo.it\/index.php?rest_route=\/wp\/v2\/posts"}],"about":[{"href":"https:\/\/demo.cicloturismo.it\/index.php?rest_route=\/wp\/v2\/types\/post"}],"author":[{"embeddable":true,"href":"https:\/\/demo.cicloturismo.it\/index.php?rest_route=\/wp\/v2\/users\/1"}],"replies":[{"embeddable":true,"href":"https:\/\/demo.cicloturismo.it\/index.php?rest_route=%2Fwp%2Fv2%2Fcomments&post=194218"}],"version-history":[{"count":0,"href":"https:\/\/demo.cicloturismo.it\/index.php?rest_route=\/wp\/v2\/posts\/194218\/revisions"}],"wp:featuredmedia":[{"embeddable":true,"href":"https:\/\/demo.cicloturismo.it\/index.php?rest_route=\/"}],"wp:attachment":[{"href":"https:\/\/demo.cicloturismo.it\/index.php?rest_route=%2Fwp%2Fv2%2Fmedia&parent=194218"}],"wp:term":[{"taxonomy":"category","embeddable":true,"href":"https:\/\/demo.cicloturismo.it\/index.php?rest_route=%2Fwp%2Fv2%2Fcategories&post=194218"},{"taxonomy":"post_tag","embeddable":true,"href":"https:\/\/demo.cicloturismo.it\/index.php?rest_route=%2Fwp%2Fv2%2Ftags&post=194218"}],"curies":[{"name":"wp","href":"https:\/\/api.w.org\/{rel}","templated":true}]}}